{"id":6128,"date":"2025-09-23T14:15:00","date_gmt":"2025-09-23T14:15:00","guid":{"rendered":"https:\/\/www.abchukuk.com\/index.php\/2025\/09\/23\/son-dakika-mahkeme-kararini-verdi-yusuf-tekin-imamogluna-tazminat-odeyecek\/"},"modified":"2025-09-23T14:15:00","modified_gmt":"2025-09-23T14:15:00","slug":"son-dakika-mahkeme-kararini-verdi-yusuf-tekin-imamogluna-tazminat-odeyecek","status":"publish","type":"post","link":"https:\/\/www.abchukuk.com\/index.php\/2025\/09\/23\/son-dakika-mahkeme-kararini-verdi-yusuf-tekin-imamogluna-tazminat-odeyecek\/","title":{"rendered":"Son Dakika&#8230; Mahkeme karar\u0131n\u0131 verdi: Yusuf Tekin, \u0130mamo\u011flu&#8217;na tazminat \u00f6deyecek!"},"content":{"rendered":"<p>Son dakika haberi&#8230; Ge\u00e7en y\u0131l AKP Grup Toplant\u0131s\u0131 \u00f6ncesi, kre\u015f-anaokulu tart\u0131\u015fmalar\u0131yla ilgili bir soruya yan\u0131t verirken CHP&#8217;nin Cumhurba\u015fkan\u0131 aday\u0131, \u0130BB Ba\u015fkan\u0131 Ekrem \u0130mamo\u011flu&#8217;na &#8220;Birlikte hareket etti\u011fi ter\u00f6r gruplar\u0131n\u0131n dilinden esinlenmi\u015f olacak ki hukuk devletinin kurallar\u0131na meydan okuyor&#8221; diyen Milli E\u011fitim Bakan\u0131 Yusuf Tekin 25 bin lira tazminata mahkum oldu.Son dakika haberi&#8230; Ge\u00e7en y\u0131l AKP Grup Toplant\u0131s\u0131 \u00f6ncesi, kre\u015f-anaokulu tart\u0131\u015fmalar\u0131yla ilgili bir soruya yan\u0131t verirken CHP&#8217;nin Cumhurba\u015fkan\u0131 aday\u0131, \u0130BB Ba\u015fkan\u0131 Ekrem \u0130mamo\u011flu&#8217;na &#8220;Birlikte hareket etti\u011fi ter\u00f6r gruplar\u0131n\u0131n dilinden esinlenmi\u015f olacak ki hukuk devletinin kurallar\u0131na meydan okuyor&#8221; diyen Milli E\u011fitim Bakan\u0131 Yusuf Tekin 25 bin lira tazminata mahkum oldu.\u00a0<a href=\"https:\/\/www.cumhuriyet.com.tr\/siyaset\/son-dakika-mahkeme-kararini-verdi-yusuf-tekin-imamoglu-na-tazminat-odeyecek-2437693\" target=\"_blank\" class=\"feedzy-rss-link-icon\">Read More<\/a><\/p>","protected":false},"excerpt":{"rendered":"<p>Son dakika haberi&#8230; Ge\u00e7en y\u0131l AKP Grup Toplant\u0131s\u0131 \u00f6ncesi, kre\u015f-anaokulu tart\u0131\u015fmalar\u0131yla ilgili bir soruya yan\u0131t verirken CHP&#8217;nin Cumhurba\u015fkan\u0131 aday\u0131, \u0130BB Ba\u015fkan\u0131 Ekrem \u0130mamo\u011flu&#8217;na &#8220;Birlikte hareket etti\u011fi ter\u00f6r gruplar\u0131n\u0131n dilinden esinlenmi\u015f olacak ki hukuk devletinin kurallar\u0131na meydan okuyor&#8221; diyen Milli E\u011fitim Bakan\u0131 Yusuf Tekin 25 bin lira tazminata mahkum oldu.Son dakika haberi&#8230; Ge\u00e7en y\u0131l AKP Grup [&hellip;]<\/p>\n","protected":false},"author":1,"featured_media":6129,"comment_status":"open","ping_status":"open","sticky":false,"template":"","format":"standard","meta":{"footnotes":"","_links_to":"","_links_to_target":""},"categories":[1],"tags":[],"class_list":["post-6128","post","type-post","status-publish","format-standard","has-post-thumbnail","hentry","category-haberler"],"_links":{"self":[{"href":"https:\/\/www.abchukuk.com\/index.php\/wp-json\/wp\/v2\/posts\/6128","targetHints":{"allow":["GET"]}}],"collection":[{"href":"https:\/\/www.abchukuk.com\/index.php\/wp-json\/wp\/v2\/posts"}],"about":[{"href":"https:\/\/www.abchukuk.com\/index.php\/wp-json\/wp\/v2\/types\/post"}],"author":[{"embeddable":true,"href":"https:\/\/www.abchukuk.com\/index.php\/wp-json\/wp\/v2\/users\/1"}],"replies":[{"embeddable":true,"href":"https:\/\/www.abchukuk.com\/index.php\/wp-json\/wp\/v2\/comments?post=6128"}],"version-history":[{"count":0,"href":"https:\/\/www.abchukuk.com\/index.php\/wp-json\/wp\/v2\/posts\/6128\/revisions"}],"wp:featuredmedia":[{"embeddable":true,"href":"https:\/\/www.abchukuk.com\/index.php\/wp-json\/wp\/v2\/media\/6129"}],"wp:attachment":[{"href":"https:\/\/www.abchukuk.com\/index.php\/wp-json\/wp\/v2\/media?parent=6128"}],"wp:term":[{"taxonomy":"category","embeddable":true,"href":"https:\/\/www.abchukuk.com\/index.php\/wp-json\/wp\/v2\/categories?post=6128"},{"taxonomy":"post_tag","embeddable":true,"href":"https:\/\/www.abchukuk.com\/index.php\/wp-json\/wp\/v2\/tags?post=6128"}],"curies":[{"name":"wp","href":"https:\/\/api.w.org\/{rel}","templated":true}]}}