{"id":6126,"date":"2025-09-23T14:36:00","date_gmt":"2025-09-23T14:36:00","guid":{"rendered":"https:\/\/www.abchukuk.com\/index.php\/2025\/09\/23\/mahkemeden-ret-karari-chp-kurultayi-davasinda-yeni-adres-ankara\/"},"modified":"2025-09-23T14:36:00","modified_gmt":"2025-09-23T14:36:00","slug":"mahkemeden-ret-karari-chp-kurultayi-davasinda-yeni-adres-ankara","status":"publish","type":"post","link":"https:\/\/www.abchukuk.com\/index.php\/2025\/09\/23\/mahkemeden-ret-karari-chp-kurultayi-davasinda-yeni-adres-ankara\/","title":{"rendered":"Mahkemeden Ret Karar\u0131! CHP Kurultay\u0131 Davas\u0131nda Yeni Adres Ankara"},"content":{"rendered":"<p><a href=\"https:\/\/www.gercekgundem.com\/guncel\/mahkemeden-ret-karari-chp-kurultayi-davasinda-yeni-adres-ankara-556650\"><br \/>\n                                                            <img decoding=\"async\" src=\"https:\/\/i.gercekgundem.com\/2\/150\/84\/storage\/files\/images\/2025\/09\/23\/mahkemeden-ret-karari-chp-kurultayi-davasinda-yeni-adres-ankara-isgc.png\" width=\"150\" height=\"84\" border=\"0\" align=\"right\" \/><br \/>\n                                                    <\/a><\/p>\n<h4>CHP\u2019nin 21 ve 22\u2019nci Ola\u011fan\u00fcst\u00fc ile 38\u2019inci Ola\u011fan Kurultaylar\u0131n\u0131n iptali istemiyle a\u00e7\u0131lan dava dosyas\u0131n\u0131n, \u0130stanbul \u0130l Kongresi\u2019ne ili\u015fkin davayla birle\u015ftirilmesi talebi mahkeme taraf\u0131ndan reddedildi. S\u00fcre\u00e7 sonunda dosyan\u0131n Ankara\u2019ya g\u00f6nderilmesine karar verildi.<\/h4>\n<p>CHP\u2019nin 21 ve 22\u2019nci Ola\u011fan\u00fcst\u00fc ile 38\u2019inci Ola\u011fan Kurultaylar\u0131n\u0131n iptali istemiyle a\u00e7\u0131lan dava dosyas\u0131n\u0131n, \u0130stanbul \u0130l Kongresi\u2019ne ili\u015fkin davayla birle\u015ftirilmesi talebi mahkeme taraf\u0131ndan reddedildi. S\u00fcre\u00e7 sonunda dosyan\u0131n Ankara\u2019ya g\u00f6nderilmesine karar verildi.\u00a0<a href=\"https:\/\/www.gercekgundem.com\/guncel\/mahkemeden-ret-karari-chp-kurultayi-davasinda-yeni-adres-ankara-556650\" target=\"_blank\" class=\"feedzy-rss-link-icon\">Read More<\/a><\/p>","protected":false},"excerpt":{"rendered":"<p>CHP\u2019nin 21 ve 22\u2019nci Ola\u011fan\u00fcst\u00fc ile 38\u2019inci Ola\u011fan Kurultaylar\u0131n\u0131n iptali istemiyle a\u00e7\u0131lan dava dosyas\u0131n\u0131n, \u0130stanbul \u0130l Kongresi\u2019ne ili\u015fkin davayla birle\u015ftirilmesi talebi mahkeme taraf\u0131ndan reddedildi. S\u00fcre\u00e7 sonunda dosyan\u0131n Ankara\u2019ya g\u00f6nderilmesine karar verildi. CHP\u2019nin 21 ve 22\u2019nci Ola\u011fan\u00fcst\u00fc ile 38\u2019inci Ola\u011fan Kurultaylar\u0131n\u0131n iptali istemiyle a\u00e7\u0131lan dava dosyas\u0131n\u0131n, \u0130stanbul \u0130l Kongresi\u2019ne ili\u015fkin davayla birle\u015ftirilmesi talebi mahkeme taraf\u0131ndan reddedildi. [&hellip;]<\/p>\n","protected":false},"author":1,"featured_media":6127,"comment_status":"open","ping_status":"open","sticky":false,"template":"","format":"standard","meta":{"footnotes":"","_links_to":"","_links_to_target":""},"categories":[1],"tags":[],"class_list":["post-6126","post","type-post","status-publish","format-standard","has-post-thumbnail","hentry","category-haberler"],"_links":{"self":[{"href":"https:\/\/www.abchukuk.com\/index.php\/wp-json\/wp\/v2\/posts\/6126","targetHints":{"allow":["GET"]}}],"collection":[{"href":"https:\/\/www.abchukuk.com\/index.php\/wp-json\/wp\/v2\/posts"}],"about":[{"href":"https:\/\/www.abchukuk.com\/index.php\/wp-json\/wp\/v2\/types\/post"}],"author":[{"embeddable":true,"href":"https:\/\/www.abchukuk.com\/index.php\/wp-json\/wp\/v2\/users\/1"}],"replies":[{"embeddable":true,"href":"https:\/\/www.abchukuk.com\/index.php\/wp-json\/wp\/v2\/comments?post=6126"}],"version-history":[{"count":0,"href":"https:\/\/www.abchukuk.com\/index.php\/wp-json\/wp\/v2\/posts\/6126\/revisions"}],"wp:featuredmedia":[{"embeddable":true,"href":"https:\/\/www.abchukuk.com\/index.php\/wp-json\/wp\/v2\/media\/6127"}],"wp:attachment":[{"href":"https:\/\/www.abchukuk.com\/index.php\/wp-json\/wp\/v2\/media?parent=6126"}],"wp:term":[{"taxonomy":"category","embeddable":true,"href":"https:\/\/www.abchukuk.com\/index.php\/wp-json\/wp\/v2\/categories?post=6126"},{"taxonomy":"post_tag","embeddable":true,"href":"https:\/\/www.abchukuk.com\/index.php\/wp-json\/wp\/v2\/tags?post=6126"}],"curies":[{"name":"wp","href":"https:\/\/api.w.org\/{rel}","templated":true}]}}