{"id":6124,"date":"2025-09-23T12:59:00","date_gmt":"2025-09-23T12:59:00","guid":{"rendered":"https:\/\/www.abchukuk.com\/index.php\/2025\/09\/23\/mahkeme-dosyalarin-birlestirilmesini-reddetti-istanbulda-chp-kurultayi-davasi-kalmadi\/"},"modified":"2025-09-23T12:59:00","modified_gmt":"2025-09-23T12:59:00","slug":"mahkeme-dosyalarin-birlestirilmesini-reddetti-istanbulda-chp-kurultayi-davasi-kalmadi","status":"publish","type":"post","link":"https:\/\/www.abchukuk.com\/index.php\/2025\/09\/23\/mahkeme-dosyalarin-birlestirilmesini-reddetti-istanbulda-chp-kurultayi-davasi-kalmadi\/","title":{"rendered":"Mahkeme dosyalar\u0131n birle\u015ftirilmesini reddetti: \u0130stanbul&#8217;da &#8216;CHP kurultay\u0131&#8217; davas\u0131 kalmad\u0131!"},"content":{"rendered":"<p>\u0130stanbul 45\u2019inci Asliye Hukuk Mahkemesi, CHP\u2019nin 21 ve 22\u2019nci Ola\u011fan\u00fcst\u00fc ve 38\u2019inci Ola\u011fan Kurultaylar\u0131n\u0131n iptaline ili\u015fkin a\u00e7\u0131lan davan\u0131n dosyas\u0131n\u0131n \u0130stanbul \u0130l Kongresi i\u00e7in a\u00e7\u0131lan dava dosyas\u0131yla birle\u015ftirilmesini reddetti. \u0130stanbul 19\u2019uncu Asliye Hukuk Mahkemesi, dosyay\u0131 yetkisizlik gerek\u00e7esiyle Ankara\u2019ya g\u00f6nderdi.\u0130stanbul 45\u2019inci Asliye Hukuk Mahkemesi, CHP\u2019nin 21 ve 22\u2019nci Ola\u011fan\u00fcst\u00fc ve 38\u2019inci Ola\u011fan Kurultaylar\u0131n\u0131n iptaline ili\u015fkin a\u00e7\u0131lan davan\u0131n dosyas\u0131n\u0131n \u0130stanbul \u0130l Kongresi i\u00e7in a\u00e7\u0131lan dava dosyas\u0131yla birle\u015ftirilmesini reddetti. \u0130stanbul 19\u2019uncu Asliye Hukuk Mahkemesi, dosyay\u0131 yetkisizlik gerek\u00e7esiyle Ankara\u2019ya g\u00f6nderdi.\u00a0<a href=\"https:\/\/www.cumhuriyet.com.tr\/turkiye\/istanbul-19-uncu-asliye-hukuk-mahkemesi-chp-nin-kurultay-iptal-davasini-yetkisizlik-karariyla-ankara-ya-gonderdi-istanbul-da-kurultay-davasi-kalmadi-2437654\" target=\"_blank\" class=\"feedzy-rss-link-icon\">Read More<\/a><\/p>","protected":false},"excerpt":{"rendered":"<p>\u0130stanbul 45\u2019inci Asliye Hukuk Mahkemesi, CHP\u2019nin 21 ve 22\u2019nci Ola\u011fan\u00fcst\u00fc ve 38\u2019inci Ola\u011fan Kurultaylar\u0131n\u0131n iptaline ili\u015fkin a\u00e7\u0131lan davan\u0131n dosyas\u0131n\u0131n \u0130stanbul \u0130l Kongresi i\u00e7in a\u00e7\u0131lan dava dosyas\u0131yla birle\u015ftirilmesini reddetti. \u0130stanbul 19\u2019uncu Asliye Hukuk Mahkemesi, dosyay\u0131 yetkisizlik gerek\u00e7esiyle Ankara\u2019ya g\u00f6nderdi.\u0130stanbul 45\u2019inci Asliye Hukuk Mahkemesi, CHP\u2019nin 21 ve 22\u2019nci Ola\u011fan\u00fcst\u00fc ve 38\u2019inci Ola\u011fan Kurultaylar\u0131n\u0131n iptaline ili\u015fkin a\u00e7\u0131lan davan\u0131n [&hellip;]<\/p>\n","protected":false},"author":1,"featured_media":6125,"comment_status":"open","ping_status":"open","sticky":false,"template":"","format":"standard","meta":{"footnotes":"","_links_to":"","_links_to_target":""},"categories":[1],"tags":[],"class_list":["post-6124","post","type-post","status-publish","format-standard","has-post-thumbnail","hentry","category-haberler"],"_links":{"self":[{"href":"https:\/\/www.abchukuk.com\/index.php\/wp-json\/wp\/v2\/posts\/6124","targetHints":{"allow":["GET"]}}],"collection":[{"href":"https:\/\/www.abchukuk.com\/index.php\/wp-json\/wp\/v2\/posts"}],"about":[{"href":"https:\/\/www.abchukuk.com\/index.php\/wp-json\/wp\/v2\/types\/post"}],"author":[{"embeddable":true,"href":"https:\/\/www.abchukuk.com\/index.php\/wp-json\/wp\/v2\/users\/1"}],"replies":[{"embeddable":true,"href":"https:\/\/www.abchukuk.com\/index.php\/wp-json\/wp\/v2\/comments?post=6124"}],"version-history":[{"count":0,"href":"https:\/\/www.abchukuk.com\/index.php\/wp-json\/wp\/v2\/posts\/6124\/revisions"}],"wp:featuredmedia":[{"embeddable":true,"href":"https:\/\/www.abchukuk.com\/index.php\/wp-json\/wp\/v2\/media\/6125"}],"wp:attachment":[{"href":"https:\/\/www.abchukuk.com\/index.php\/wp-json\/wp\/v2\/media?parent=6124"}],"wp:term":[{"taxonomy":"category","embeddable":true,"href":"https:\/\/www.abchukuk.com\/index.php\/wp-json\/wp\/v2\/categories?post=6124"},{"taxonomy":"post_tag","embeddable":true,"href":"https:\/\/www.abchukuk.com\/index.php\/wp-json\/wp\/v2\/tags?post=6124"}],"curies":[{"name":"wp","href":"https:\/\/api.w.org\/{rel}","templated":true}]}}