{"id":6115,"date":"2025-09-23T13:34:00","date_gmt":"2025-09-23T13:34:00","guid":{"rendered":"https:\/\/www.abchukuk.com\/index.php\/2025\/09\/23\/bodrumda-hesap-kavgasi-2-tutuklama\/"},"modified":"2025-09-23T13:34:00","modified_gmt":"2025-09-23T13:34:00","slug":"bodrumda-hesap-kavgasi-2-tutuklama","status":"publish","type":"post","link":"https:\/\/www.abchukuk.com\/index.php\/2025\/09\/23\/bodrumda-hesap-kavgasi-2-tutuklama\/","title":{"rendered":"Bodrum\u2019da Hesap Kavgas\u0131! 2 Tutuklama"},"content":{"rendered":"<p><a href=\"https:\/\/www.gercekgundem.com\/yurttan-haberler\/bodrumda-hesap-kavgasi-2-tutuklama-556628\"><br \/>\n                                                            <img decoding=\"async\" src=\"https:\/\/i.gercekgundem.com\/2\/150\/84\/storage\/files\/images\/2025\/09\/20\/10-ilde-dolandiricilik-ve-yasa-disi-bahis-operasyonu-16-tutuklama-ah83.jpg\" width=\"150\" height=\"84\" border=\"0\" align=\"right\" \/><br \/>\n                                                    <\/a><\/p>\n<h4>Mu\u011fla\u2019n\u0131n Bodrum il\u00e7esinde 21 Eyl\u00fcl\u2019de bir kafede hesap kavgas\u0131 sonras\u0131 tabancayla kur\u015fun ya\u011fd\u0131r\u0131lan olay\u0131n ard\u0131ndan g\u00f6zalt\u0131na al\u0131nan \u015f\u00fcphelilerden ikisi tutukland\u0131.<\/h4>\n<p>Mu\u011fla\u2019n\u0131n Bodrum il\u00e7esinde 21 Eyl\u00fcl\u2019de bir kafede hesap kavgas\u0131 sonras\u0131 tabancayla kur\u015fun ya\u011fd\u0131r\u0131lan olay\u0131n ard\u0131ndan g\u00f6zalt\u0131na al\u0131nan \u015f\u00fcphelilerden ikisi tutukland\u0131.\u00a0<a href=\"https:\/\/www.gercekgundem.com\/yurttan-haberler\/bodrumda-hesap-kavgasi-2-tutuklama-556628\" target=\"_blank\" class=\"feedzy-rss-link-icon\">Read More<\/a><\/p>","protected":false},"excerpt":{"rendered":"<p>Mu\u011fla\u2019n\u0131n Bodrum il\u00e7esinde 21 Eyl\u00fcl\u2019de bir kafede hesap kavgas\u0131 sonras\u0131 tabancayla kur\u015fun ya\u011fd\u0131r\u0131lan olay\u0131n ard\u0131ndan g\u00f6zalt\u0131na al\u0131nan \u015f\u00fcphelilerden ikisi tutukland\u0131. Mu\u011fla\u2019n\u0131n Bodrum il\u00e7esinde 21 Eyl\u00fcl\u2019de bir kafede hesap kavgas\u0131 sonras\u0131 tabancayla kur\u015fun ya\u011fd\u0131r\u0131lan olay\u0131n ard\u0131ndan g\u00f6zalt\u0131na al\u0131nan \u015f\u00fcphelilerden ikisi tutukland\u0131.\u00a0Read More<\/p>\n","protected":false},"author":1,"featured_media":6116,"comment_status":"open","ping_status":"open","sticky":false,"template":"","format":"standard","meta":{"footnotes":"","_links_to":"","_links_to_target":""},"categories":[1],"tags":[],"class_list":["post-6115","post","type-post","status-publish","format-standard","has-post-thumbnail","hentry","category-haberler"],"_links":{"self":[{"href":"https:\/\/www.abchukuk.com\/index.php\/wp-json\/wp\/v2\/posts\/6115","targetHints":{"allow":["GET"]}}],"collection":[{"href":"https:\/\/www.abchukuk.com\/index.php\/wp-json\/wp\/v2\/posts"}],"about":[{"href":"https:\/\/www.abchukuk.com\/index.php\/wp-json\/wp\/v2\/types\/post"}],"author":[{"embeddable":true,"href":"https:\/\/www.abchukuk.com\/index.php\/wp-json\/wp\/v2\/users\/1"}],"replies":[{"embeddable":true,"href":"https:\/\/www.abchukuk.com\/index.php\/wp-json\/wp\/v2\/comments?post=6115"}],"version-history":[{"count":0,"href":"https:\/\/www.abchukuk.com\/index.php\/wp-json\/wp\/v2\/posts\/6115\/revisions"}],"wp:featuredmedia":[{"embeddable":true,"href":"https:\/\/www.abchukuk.com\/index.php\/wp-json\/wp\/v2\/media\/6116"}],"wp:attachment":[{"href":"https:\/\/www.abchukuk.com\/index.php\/wp-json\/wp\/v2\/media?parent=6115"}],"wp:term":[{"taxonomy":"category","embeddable":true,"href":"https:\/\/www.abchukuk.com\/index.php\/wp-json\/wp\/v2\/categories?post=6115"},{"taxonomy":"post_tag","embeddable":true,"href":"https:\/\/www.abchukuk.com\/index.php\/wp-json\/wp\/v2\/tags?post=6115"}],"curies":[{"name":"wp","href":"https:\/\/api.w.org\/{rel}","templated":true}]}}