{"id":6113,"date":"2025-09-23T13:39:42","date_gmt":"2025-09-23T13:39:42","guid":{"rendered":"https:\/\/www.abchukuk.com\/index.php\/2025\/09\/23\/soguk-savas-programinda-iki-isme-tutuklama-talebi\/"},"modified":"2025-09-23T13:39:42","modified_gmt":"2025-09-23T13:39:42","slug":"soguk-savas-programinda-iki-isme-tutuklama-talebi","status":"publish","type":"post","link":"https:\/\/www.abchukuk.com\/index.php\/2025\/09\/23\/soguk-savas-programinda-iki-isme-tutuklama-talebi\/","title":{"rendered":"So\u011fuk Sava\u015f Program\u0131nda \u0130ki \u0130sme Tutuklama Talebi"},"content":{"rendered":"<p><a href=\"https:\/\/www.gercekgundem.com\/guncel\/soguk-savas-programinda-iki-isme-tutuklama-talebi-556631\"><br \/>\n                                                            <img decoding=\"async\" src=\"https:\/\/i.gercekgundem.com\/2\/150\/84\/storage\/files\/images\/2025\/09\/23\/soguk-savas-programinda-iki-isme-tutuklama-talebi-ei4m.jpg\" width=\"150\" height=\"84\" border=\"0\" align=\"right\" \/><br \/>\n                                                    <\/a><\/p>\n<h4>&#8216;So\u011fuk Sava\u015f&#8217; isimli programda payla\u015f\u0131lan video sonras\u0131nda g\u00f6zalt\u0131na al\u0131nan program sunucusu Bo\u011fa\u00e7 Soydemir ve konu\u011fu Enes Akg\u00fcnd\u00fcz tutuklama talebiyle Sulh Ceza Hakimli\u011fine sevk edildi.<\/h4>\n<p>&#8216;So\u011fuk Sava\u015f&#8217; isimli programda payla\u015f\u0131lan video sonras\u0131nda g\u00f6zalt\u0131na al\u0131nan program sunucusu Bo\u011fa\u00e7 Soydemir ve konu\u011fu Enes Akg\u00fcnd\u00fcz tutuklama talebiyle Sulh Ceza Hakimli\u011fine sevk edildi.\u00a0<a href=\"https:\/\/www.gercekgundem.com\/guncel\/soguk-savas-programinda-iki-isme-tutuklama-talebi-556631\" target=\"_blank\" class=\"feedzy-rss-link-icon\">Read More<\/a><\/p>","protected":false},"excerpt":{"rendered":"<p>&#8216;So\u011fuk Sava\u015f&#8217; isimli programda payla\u015f\u0131lan video sonras\u0131nda g\u00f6zalt\u0131na al\u0131nan program sunucusu Bo\u011fa\u00e7 Soydemir ve konu\u011fu Enes Akg\u00fcnd\u00fcz tutuklama talebiyle Sulh Ceza Hakimli\u011fine sevk edildi. &#8216;So\u011fuk Sava\u015f&#8217; isimli programda payla\u015f\u0131lan video sonras\u0131nda g\u00f6zalt\u0131na al\u0131nan program sunucusu Bo\u011fa\u00e7 Soydemir ve konu\u011fu Enes Akg\u00fcnd\u00fcz tutuklama talebiyle Sulh Ceza Hakimli\u011fine sevk edildi.\u00a0Read More<\/p>\n","protected":false},"author":1,"featured_media":6114,"comment_status":"open","ping_status":"open","sticky":false,"template":"","format":"standard","meta":{"footnotes":"","_links_to":"","_links_to_target":""},"categories":[1],"tags":[],"class_list":["post-6113","post","type-post","status-publish","format-standard","has-post-thumbnail","hentry","category-haberler"],"_links":{"self":[{"href":"https:\/\/www.abchukuk.com\/index.php\/wp-json\/wp\/v2\/posts\/6113","targetHints":{"allow":["GET"]}}],"collection":[{"href":"https:\/\/www.abchukuk.com\/index.php\/wp-json\/wp\/v2\/posts"}],"about":[{"href":"https:\/\/www.abchukuk.com\/index.php\/wp-json\/wp\/v2\/types\/post"}],"author":[{"embeddable":true,"href":"https:\/\/www.abchukuk.com\/index.php\/wp-json\/wp\/v2\/users\/1"}],"replies":[{"embeddable":true,"href":"https:\/\/www.abchukuk.com\/index.php\/wp-json\/wp\/v2\/comments?post=6113"}],"version-history":[{"count":0,"href":"https:\/\/www.abchukuk.com\/index.php\/wp-json\/wp\/v2\/posts\/6113\/revisions"}],"wp:featuredmedia":[{"embeddable":true,"href":"https:\/\/www.abchukuk.com\/index.php\/wp-json\/wp\/v2\/media\/6114"}],"wp:attachment":[{"href":"https:\/\/www.abchukuk.com\/index.php\/wp-json\/wp\/v2\/media?parent=6113"}],"wp:term":[{"taxonomy":"category","embeddable":true,"href":"https:\/\/www.abchukuk.com\/index.php\/wp-json\/wp\/v2\/categories?post=6113"},{"taxonomy":"post_tag","embeddable":true,"href":"https:\/\/www.abchukuk.com\/index.php\/wp-json\/wp\/v2\/tags?post=6113"}],"curies":[{"name":"wp","href":"https:\/\/api.w.org\/{rel}","templated":true}]}}