{"id":6109,"date":"2025-09-23T13:50:22","date_gmt":"2025-09-23T13:50:22","guid":{"rendered":"https:\/\/www.abchukuk.com\/index.php\/2025\/09\/23\/hukumluleri-tasiyan-cezaevi-araci-devrildi-yaralilar-var\/"},"modified":"2025-09-23T13:50:22","modified_gmt":"2025-09-23T13:50:22","slug":"hukumluleri-tasiyan-cezaevi-araci-devrildi-yaralilar-var","status":"publish","type":"post","link":"https:\/\/www.abchukuk.com\/index.php\/2025\/09\/23\/hukumluleri-tasiyan-cezaevi-araci-devrildi-yaralilar-var\/","title":{"rendered":"H\u00fck\u00fcml\u00fcleri Ta\u015f\u0131yan Cezaevi Arac\u0131 Devrildi! Yaral\u0131lar Var"},"content":{"rendered":"<p><a href=\"https:\/\/www.gercekgundem.com\/guncel\/hukumluleri-tasiyan-cezaevi-araci-devrildi-yaralilar-var-556636\"><br \/>\n                                                            <img decoding=\"async\" src=\"https:\/\/i.gercekgundem.com\/2\/150\/84\/storage\/files\/images\/2025\/09\/23\/hukumluleri-tasiyan-cezaevi-araci-devrildi-yaralilar-var-qh3b.jpg\" width=\"150\" height=\"84\" border=\"0\" align=\"right\" \/><br \/>\n                                                    <\/a><\/p>\n<h4>Mersin&#8217;in Tarsus il\u00e7esinde h\u00fck\u00fcml\u00fcleri ta\u015f\u0131yan cezaevi arac\u0131n devrildi. Kazada 8&#8217;i jandarma personeli 13 ki\u015fi yaraland\u0131.<\/h4>\n<p>Mersin&#8217;in Tarsus il\u00e7esinde h\u00fck\u00fcml\u00fcleri ta\u015f\u0131yan cezaevi arac\u0131n devrildi. Kazada 8&#8217;i jandarma personeli 13 ki\u015fi yaraland\u0131.\u00a0<a href=\"https:\/\/www.gercekgundem.com\/guncel\/hukumluleri-tasiyan-cezaevi-araci-devrildi-yaralilar-var-556636\" target=\"_blank\" class=\"feedzy-rss-link-icon\">Read More<\/a><\/p>","protected":false},"excerpt":{"rendered":"<p>Mersin&#8217;in Tarsus il\u00e7esinde h\u00fck\u00fcml\u00fcleri ta\u015f\u0131yan cezaevi arac\u0131n devrildi. Kazada 8&#8217;i jandarma personeli 13 ki\u015fi yaraland\u0131. Mersin&#8217;in Tarsus il\u00e7esinde h\u00fck\u00fcml\u00fcleri ta\u015f\u0131yan cezaevi arac\u0131n devrildi. Kazada 8&#8217;i jandarma personeli 13 ki\u015fi yaraland\u0131.\u00a0Read More<\/p>\n","protected":false},"author":1,"featured_media":6110,"comment_status":"open","ping_status":"open","sticky":false,"template":"","format":"standard","meta":{"footnotes":"","_links_to":"","_links_to_target":""},"categories":[1],"tags":[],"class_list":["post-6109","post","type-post","status-publish","format-standard","has-post-thumbnail","hentry","category-haberler"],"_links":{"self":[{"href":"https:\/\/www.abchukuk.com\/index.php\/wp-json\/wp\/v2\/posts\/6109","targetHints":{"allow":["GET"]}}],"collection":[{"href":"https:\/\/www.abchukuk.com\/index.php\/wp-json\/wp\/v2\/posts"}],"about":[{"href":"https:\/\/www.abchukuk.com\/index.php\/wp-json\/wp\/v2\/types\/post"}],"author":[{"embeddable":true,"href":"https:\/\/www.abchukuk.com\/index.php\/wp-json\/wp\/v2\/users\/1"}],"replies":[{"embeddable":true,"href":"https:\/\/www.abchukuk.com\/index.php\/wp-json\/wp\/v2\/comments?post=6109"}],"version-history":[{"count":0,"href":"https:\/\/www.abchukuk.com\/index.php\/wp-json\/wp\/v2\/posts\/6109\/revisions"}],"wp:featuredmedia":[{"embeddable":true,"href":"https:\/\/www.abchukuk.com\/index.php\/wp-json\/wp\/v2\/media\/6110"}],"wp:attachment":[{"href":"https:\/\/www.abchukuk.com\/index.php\/wp-json\/wp\/v2\/media?parent=6109"}],"wp:term":[{"taxonomy":"category","embeddable":true,"href":"https:\/\/www.abchukuk.com\/index.php\/wp-json\/wp\/v2\/categories?post=6109"},{"taxonomy":"post_tag","embeddable":true,"href":"https:\/\/www.abchukuk.com\/index.php\/wp-json\/wp\/v2\/tags?post=6109"}],"curies":[{"name":"wp","href":"https:\/\/api.w.org\/{rel}","templated":true}]}}