{"id":6105,"date":"2025-09-23T12:04:00","date_gmt":"2025-09-23T12:04:00","guid":{"rendered":"https:\/\/www.abchukuk.com\/index.php\/2025\/09\/23\/akp-istanbul-il-baskanligindan-ozgur-ozele-suc-duyurusu-3-kurusluk-tazminat-davasi-da-yolda\/"},"modified":"2025-09-23T12:04:00","modified_gmt":"2025-09-23T12:04:00","slug":"akp-istanbul-il-baskanligindan-ozgur-ozele-suc-duyurusu-3-kurusluk-tazminat-davasi-da-yolda","status":"publish","type":"post","link":"https:\/\/www.abchukuk.com\/index.php\/2025\/09\/23\/akp-istanbul-il-baskanligindan-ozgur-ozele-suc-duyurusu-3-kurusluk-tazminat-davasi-da-yolda\/","title":{"rendered":"AKP \u0130stanbul \u0130l Ba\u015fkanl\u0131\u011f\u0131&#8217;ndan \u00d6zg\u00fcr \u00d6zel&#8217;e Su\u00e7 Duyurusu! &#8216;3 Kuru\u015fluk Tazminat Davas\u0131 da Yolda"},"content":{"rendered":"<p><a href=\"https:\/\/www.gercekgundem.com\/guncel\/akp-istanbul-il-baskanligindan-ozgur-ozele-suc-duyurusu-556604\"><br \/>\n                                                            <img decoding=\"async\" src=\"https:\/\/i.gercekgundem.com\/2\/150\/84\/storage\/files\/images\/2025\/09\/23\/akp-istanbul-il-baskanligindan-ozgur-ozele-suc-duyurusu-pxb0.png\" width=\"150\" height=\"84\" border=\"0\" align=\"right\" \/><br \/>\n                                                    <\/a><\/p>\n<h4>CHP Lideri \u00d6zg\u00fcr \u00d6zel\u2019in AKP\u2019li ba\u015fkanlardan birinin Bayrampa\u015fa Belediye Ba\u015fkan\u0131 Hasan Mutlu\u2019ya &#8216;Yar\u0131n sabah alacaklar seni, bize ge\u00e7ece\u011fini s\u00f6ylersen durdurabilirim&#8217; dedi\u011fi iddias\u0131na ili\u015fkin yeni bir geli\u015fme ya\u015fand\u0131. AKP \u0130stanbul \u0130l Ba\u015fkanl\u0131\u011f\u0131, \u00d6zel hakk\u0131nda su\u00e7 duyurusunda bulundu. \u0130l ba\u015fkan yard\u0131mc\u0131lar\u0131n\u0131n \u00d6zel\u2019e &#8216;3 kuru\u015fluk&#8217; manevi tazminat davas\u0131 a\u00e7aca\u011f\u0131 ifade edildi.<\/h4>\n<p>CHP Lideri \u00d6zg\u00fcr \u00d6zel\u2019in AKP\u2019li ba\u015fkanlardan birinin Bayrampa\u015fa Belediye Ba\u015fkan\u0131 Hasan Mutlu\u2019ya &#8216;Yar\u0131n sabah alacaklar seni, bize ge\u00e7ece\u011fini s\u00f6ylersen durdurabilirim&#8217; dedi\u011fi iddias\u0131na ili\u015fkin yeni bir geli\u015fme ya\u015fand\u0131. AKP \u0130stanbul \u0130l Ba\u015fkanl\u0131\u011f\u0131, \u00d6zel hakk\u0131nda su\u00e7 duyurusunda bulundu. \u0130l ba\u015fkan yard\u0131mc\u0131lar\u0131n\u0131n \u00d6zel\u2019e &#8216;3 kuru\u015fluk&#8217; manevi tazminat davas\u0131 a\u00e7aca\u011f\u0131 ifade edildi.\u00a0<a href=\"https:\/\/www.gercekgundem.com\/guncel\/akp-istanbul-il-baskanligindan-ozgur-ozele-suc-duyurusu-556604\" target=\"_blank\" class=\"feedzy-rss-link-icon\">Read More<\/a><\/p>","protected":false},"excerpt":{"rendered":"<p>CHP Lideri \u00d6zg\u00fcr \u00d6zel\u2019in AKP\u2019li ba\u015fkanlardan birinin Bayrampa\u015fa Belediye Ba\u015fkan\u0131 Hasan Mutlu\u2019ya &#8216;Yar\u0131n sabah alacaklar seni, bize ge\u00e7ece\u011fini s\u00f6ylersen durdurabilirim&#8217; dedi\u011fi iddias\u0131na ili\u015fkin yeni bir geli\u015fme ya\u015fand\u0131. AKP \u0130stanbul \u0130l Ba\u015fkanl\u0131\u011f\u0131, \u00d6zel hakk\u0131nda su\u00e7 duyurusunda bulundu. \u0130l ba\u015fkan yard\u0131mc\u0131lar\u0131n\u0131n \u00d6zel\u2019e &#8216;3 kuru\u015fluk&#8217; manevi tazminat davas\u0131 a\u00e7aca\u011f\u0131 ifade edildi. CHP Lideri \u00d6zg\u00fcr \u00d6zel\u2019in AKP\u2019li ba\u015fkanlardan birinin [&hellip;]<\/p>\n","protected":false},"author":1,"featured_media":6106,"comment_status":"open","ping_status":"open","sticky":false,"template":"","format":"standard","meta":{"footnotes":"","_links_to":"","_links_to_target":""},"categories":[1],"tags":[],"class_list":["post-6105","post","type-post","status-publish","format-standard","has-post-thumbnail","hentry","category-haberler"],"_links":{"self":[{"href":"https:\/\/www.abchukuk.com\/index.php\/wp-json\/wp\/v2\/posts\/6105","targetHints":{"allow":["GET"]}}],"collection":[{"href":"https:\/\/www.abchukuk.com\/index.php\/wp-json\/wp\/v2\/posts"}],"about":[{"href":"https:\/\/www.abchukuk.com\/index.php\/wp-json\/wp\/v2\/types\/post"}],"author":[{"embeddable":true,"href":"https:\/\/www.abchukuk.com\/index.php\/wp-json\/wp\/v2\/users\/1"}],"replies":[{"embeddable":true,"href":"https:\/\/www.abchukuk.com\/index.php\/wp-json\/wp\/v2\/comments?post=6105"}],"version-history":[{"count":0,"href":"https:\/\/www.abchukuk.com\/index.php\/wp-json\/wp\/v2\/posts\/6105\/revisions"}],"wp:featuredmedia":[{"embeddable":true,"href":"https:\/\/www.abchukuk.com\/index.php\/wp-json\/wp\/v2\/media\/6106"}],"wp:attachment":[{"href":"https:\/\/www.abchukuk.com\/index.php\/wp-json\/wp\/v2\/media?parent=6105"}],"wp:term":[{"taxonomy":"category","embeddable":true,"href":"https:\/\/www.abchukuk.com\/index.php\/wp-json\/wp\/v2\/categories?post=6105"},{"taxonomy":"post_tag","embeddable":true,"href":"https:\/\/www.abchukuk.com\/index.php\/wp-json\/wp\/v2\/tags?post=6105"}],"curies":[{"name":"wp","href":"https:\/\/api.w.org\/{rel}","templated":true}]}}