{"id":6103,"date":"2025-09-23T12:44:24","date_gmt":"2025-09-23T12:44:24","guid":{"rendered":"https:\/\/www.abchukuk.com\/index.php\/2025\/09\/23\/aydinda-korkunc-bicak-parasi-iddiasi-doktor-ve-sekreteri-adliyeye-sevk-edildi\/"},"modified":"2025-09-23T12:44:24","modified_gmt":"2025-09-23T12:44:24","slug":"aydinda-korkunc-bicak-parasi-iddiasi-doktor-ve-sekreteri-adliyeye-sevk-edildi","status":"publish","type":"post","link":"https:\/\/www.abchukuk.com\/index.php\/2025\/09\/23\/aydinda-korkunc-bicak-parasi-iddiasi-doktor-ve-sekreteri-adliyeye-sevk-edildi\/","title":{"rendered":"Ayd\u0131n\u2019da Korkun\u00e7 B\u0131\u00e7ak Paras\u0131 \u0130ddias\u0131! Doktor ve Sekreteri Adliyeye Sevk Edildi"},"content":{"rendered":"<p><a href=\"https:\/\/www.gercekgundem.com\/guncel\/aydinda-korkunc-bicak-parasi-iddiasi-doktor-ve-sekreteri-adliyeye-sevk-edildi-556614\"><br \/>\n                                                            <img decoding=\"async\" src=\"https:\/\/i.gercekgundem.com\/2\/150\/84\/storage\/files\/images\/2025\/09\/23\/aydinda-korkunc-bicak-parasi-iddiasi-doktor-ve-sekreteri-adliyeye-sevk-edildi-telm.png\" width=\"150\" height=\"84\" border=\"0\" align=\"right\" \/><br \/>\n                                                    <\/a><\/p>\n<h4>Ayd\u0131n\u2019da hastalardan b\u0131\u00e7ak paras\u0131 istenildi\u011fi iddias\u0131 \u00fczerine g\u00f6zalt\u0131na al\u0131nan Adnan Menderes \u00dcniversitesi T\u0131p Fak\u00fcltesi Hastanesi&#8217;nde g\u00f6revli Prof. Dr. O.N.A. ve sekreteri adliyeye sevk edildi.<\/h4>\n<p>Ayd\u0131n\u2019da hastalardan b\u0131\u00e7ak paras\u0131 istenildi\u011fi iddias\u0131 \u00fczerine g\u00f6zalt\u0131na al\u0131nan Adnan Menderes \u00dcniversitesi T\u0131p Fak\u00fcltesi Hastanesi&#8217;nde g\u00f6revli Prof. Dr. O.N.A. ve sekreteri adliyeye sevk edildi.\u00a0<a href=\"https:\/\/www.gercekgundem.com\/guncel\/aydinda-korkunc-bicak-parasi-iddiasi-doktor-ve-sekreteri-adliyeye-sevk-edildi-556614\" target=\"_blank\" class=\"feedzy-rss-link-icon\">Read More<\/a><\/p>","protected":false},"excerpt":{"rendered":"<p>Ayd\u0131n\u2019da hastalardan b\u0131\u00e7ak paras\u0131 istenildi\u011fi iddias\u0131 \u00fczerine g\u00f6zalt\u0131na al\u0131nan Adnan Menderes \u00dcniversitesi T\u0131p Fak\u00fcltesi Hastanesi&#8217;nde g\u00f6revli Prof. Dr. O.N.A. ve sekreteri adliyeye sevk edildi. Ayd\u0131n\u2019da hastalardan b\u0131\u00e7ak paras\u0131 istenildi\u011fi iddias\u0131 \u00fczerine g\u00f6zalt\u0131na al\u0131nan Adnan Menderes \u00dcniversitesi T\u0131p Fak\u00fcltesi Hastanesi&#8217;nde g\u00f6revli Prof. Dr. O.N.A. ve sekreteri adliyeye sevk edildi.\u00a0Read More<\/p>\n","protected":false},"author":1,"featured_media":6104,"comment_status":"open","ping_status":"open","sticky":false,"template":"","format":"standard","meta":{"footnotes":"","_links_to":"","_links_to_target":""},"categories":[1],"tags":[],"class_list":["post-6103","post","type-post","status-publish","format-standard","has-post-thumbnail","hentry","category-haberler"],"_links":{"self":[{"href":"https:\/\/www.abchukuk.com\/index.php\/wp-json\/wp\/v2\/posts\/6103","targetHints":{"allow":["GET"]}}],"collection":[{"href":"https:\/\/www.abchukuk.com\/index.php\/wp-json\/wp\/v2\/posts"}],"about":[{"href":"https:\/\/www.abchukuk.com\/index.php\/wp-json\/wp\/v2\/types\/post"}],"author":[{"embeddable":true,"href":"https:\/\/www.abchukuk.com\/index.php\/wp-json\/wp\/v2\/users\/1"}],"replies":[{"embeddable":true,"href":"https:\/\/www.abchukuk.com\/index.php\/wp-json\/wp\/v2\/comments?post=6103"}],"version-history":[{"count":0,"href":"https:\/\/www.abchukuk.com\/index.php\/wp-json\/wp\/v2\/posts\/6103\/revisions"}],"wp:featuredmedia":[{"embeddable":true,"href":"https:\/\/www.abchukuk.com\/index.php\/wp-json\/wp\/v2\/media\/6104"}],"wp:attachment":[{"href":"https:\/\/www.abchukuk.com\/index.php\/wp-json\/wp\/v2\/media?parent=6103"}],"wp:term":[{"taxonomy":"category","embeddable":true,"href":"https:\/\/www.abchukuk.com\/index.php\/wp-json\/wp\/v2\/categories?post=6103"},{"taxonomy":"post_tag","embeddable":true,"href":"https:\/\/www.abchukuk.com\/index.php\/wp-json\/wp\/v2\/tags?post=6103"}],"curies":[{"name":"wp","href":"https:\/\/api.w.org\/{rel}","templated":true}]}}