{"id":6101,"date":"2025-09-23T12:50:00","date_gmt":"2025-09-23T12:50:00","guid":{"rendered":"https:\/\/www.abchukuk.com\/index.php\/2025\/09\/23\/izmirde-kooperatif-davasi-tunc-soyer-ve-senol-aslanoglu-icin-tutuklulugun-devami-istendi\/"},"modified":"2025-09-23T12:50:00","modified_gmt":"2025-09-23T12:50:00","slug":"izmirde-kooperatif-davasi-tunc-soyer-ve-senol-aslanoglu-icin-tutuklulugun-devami-istendi","status":"publish","type":"post","link":"https:\/\/www.abchukuk.com\/index.php\/2025\/09\/23\/izmirde-kooperatif-davasi-tunc-soyer-ve-senol-aslanoglu-icin-tutuklulugun-devami-istendi\/","title":{"rendered":"\u0130zmir&#8217;de &#8216;kooperatif&#8217; davas\u0131: Tun\u00e7 Soyer ve \u015eenol Aslano\u011flu i\u00e7in tutuklulu\u011fun devam\u0131 istendi"},"content":{"rendered":"<p>\u2018Kooperatif\u2019 davas\u0131n\u0131n ilk duru\u015fmas\u0131nda savc\u0131l\u0131\u011f\u0131n m\u00fctalaas\u0131 belli oldu. Savc\u0131l\u0131k makam\u0131, 3 san\u0131k hakk\u0131nda tahliye talebinde bulundu.\u2018Kooperatif\u2019 davas\u0131n\u0131n ilk duru\u015fmas\u0131nda savc\u0131l\u0131\u011f\u0131n m\u00fctalaas\u0131 belli oldu. Savc\u0131l\u0131k makam\u0131, 3 san\u0131k hakk\u0131nda tahliye talebinde bulundu.\u00a0<a href=\"https:\/\/www.cumhuriyet.com.tr\/turkiye\/izmir-de-kooperatif-davasi-tunc-soyer-ve-senol-aslanoglu-icin-tutuklulugun-devami-istendi-2437651\" target=\"_blank\" class=\"feedzy-rss-link-icon\">Read More<\/a><\/p>","protected":false},"excerpt":{"rendered":"<p>\u2018Kooperatif\u2019 davas\u0131n\u0131n ilk duru\u015fmas\u0131nda savc\u0131l\u0131\u011f\u0131n m\u00fctalaas\u0131 belli oldu. Savc\u0131l\u0131k makam\u0131, 3 san\u0131k hakk\u0131nda tahliye talebinde bulundu.\u2018Kooperatif\u2019 davas\u0131n\u0131n ilk duru\u015fmas\u0131nda savc\u0131l\u0131\u011f\u0131n m\u00fctalaas\u0131 belli oldu. Savc\u0131l\u0131k makam\u0131, 3 san\u0131k hakk\u0131nda tahliye talebinde bulundu.\u00a0Read More<\/p>\n","protected":false},"author":1,"featured_media":6102,"comment_status":"open","ping_status":"open","sticky":false,"template":"","format":"standard","meta":{"footnotes":"","_links_to":"","_links_to_target":""},"categories":[1],"tags":[],"class_list":["post-6101","post","type-post","status-publish","format-standard","has-post-thumbnail","hentry","category-haberler"],"_links":{"self":[{"href":"https:\/\/www.abchukuk.com\/index.php\/wp-json\/wp\/v2\/posts\/6101","targetHints":{"allow":["GET"]}}],"collection":[{"href":"https:\/\/www.abchukuk.com\/index.php\/wp-json\/wp\/v2\/posts"}],"about":[{"href":"https:\/\/www.abchukuk.com\/index.php\/wp-json\/wp\/v2\/types\/post"}],"author":[{"embeddable":true,"href":"https:\/\/www.abchukuk.com\/index.php\/wp-json\/wp\/v2\/users\/1"}],"replies":[{"embeddable":true,"href":"https:\/\/www.abchukuk.com\/index.php\/wp-json\/wp\/v2\/comments?post=6101"}],"version-history":[{"count":0,"href":"https:\/\/www.abchukuk.com\/index.php\/wp-json\/wp\/v2\/posts\/6101\/revisions"}],"wp:featuredmedia":[{"embeddable":true,"href":"https:\/\/www.abchukuk.com\/index.php\/wp-json\/wp\/v2\/media\/6102"}],"wp:attachment":[{"href":"https:\/\/www.abchukuk.com\/index.php\/wp-json\/wp\/v2\/media?parent=6101"}],"wp:term":[{"taxonomy":"category","embeddable":true,"href":"https:\/\/www.abchukuk.com\/index.php\/wp-json\/wp\/v2\/categories?post=6101"},{"taxonomy":"post_tag","embeddable":true,"href":"https:\/\/www.abchukuk.com\/index.php\/wp-json\/wp\/v2\/tags?post=6101"}],"curies":[{"name":"wp","href":"https:\/\/api.w.org\/{rel}","templated":true}]}}