{"id":6099,"date":"2025-09-23T11:05:00","date_gmt":"2025-09-23T11:05:00","guid":{"rendered":"https:\/\/www.abchukuk.com\/index.php\/2025\/09\/23\/tele1-yoneticileri-ifade-icin-adliyeye-goturuldu\/"},"modified":"2025-09-23T11:05:00","modified_gmt":"2025-09-23T11:05:00","slug":"tele1-yoneticileri-ifade-icin-adliyeye-goturuldu","status":"publish","type":"post","link":"https:\/\/www.abchukuk.com\/index.php\/2025\/09\/23\/tele1-yoneticileri-ifade-icin-adliyeye-goturuldu\/","title":{"rendered":"TELE1 Y\u00f6neticileri \u0130fade \u0130\u00e7in Adliyeye G\u00f6t\u00fcr\u00fcld\u00fc"},"content":{"rendered":"<p><a href=\"https:\/\/www.gercekgundem.com\/guncel\/tele1-yoneticileri-ifade-icin-adliyeye-goturuldu-556595\"><br \/>\n                                                            <img decoding=\"async\" src=\"https:\/\/i.gercekgundem.com\/2\/150\/84\/storage\/files\/images\/2025\/09\/23\/tele1-yoneticileri-ifade-icin-adliyeye-goturuldu-za0s.jpg\" width=\"150\" height=\"84\" border=\"0\" align=\"right\" \/><br \/>\n                                                    <\/a><\/p>\n<h4>Tele1, Genel Yay\u0131n Y\u00f6netmeni Merdan Yanarda\u011f, Sorumlu M\u00fcd\u00fcr \u0130hsan Demir ve program moderat\u00f6r\u00fc Musa \u00d6zu\u011furlu&#8217;nun polis e\u015fli\u011finde adliyeye g\u00f6t\u00fcr\u00fcld\u00fc\u011f\u00fcn\u00fc a\u00e7\u0131klad\u0131<\/h4>\n<p>Tele1, Genel Yay\u0131n Y\u00f6netmeni Merdan Yanarda\u011f, Sorumlu M\u00fcd\u00fcr \u0130hsan Demir ve program moderat\u00f6r\u00fc Musa \u00d6zu\u011furlu&#8217;nun polis e\u015fli\u011finde adliyeye g\u00f6t\u00fcr\u00fcld\u00fc\u011f\u00fcn\u00fc a\u00e7\u0131klad\u0131\u00a0<a href=\"https:\/\/www.gercekgundem.com\/guncel\/tele1-yoneticileri-ifade-icin-adliyeye-goturuldu-556595\" target=\"_blank\" class=\"feedzy-rss-link-icon\">Read More<\/a><\/p>","protected":false},"excerpt":{"rendered":"<p>Tele1, Genel Yay\u0131n Y\u00f6netmeni Merdan Yanarda\u011f, Sorumlu M\u00fcd\u00fcr \u0130hsan Demir ve program moderat\u00f6r\u00fc Musa \u00d6zu\u011furlu&#8217;nun polis e\u015fli\u011finde adliyeye g\u00f6t\u00fcr\u00fcld\u00fc\u011f\u00fcn\u00fc a\u00e7\u0131klad\u0131 Tele1, Genel Yay\u0131n Y\u00f6netmeni Merdan Yanarda\u011f, Sorumlu M\u00fcd\u00fcr \u0130hsan Demir ve program moderat\u00f6r\u00fc Musa \u00d6zu\u011furlu&#8217;nun polis e\u015fli\u011finde adliyeye g\u00f6t\u00fcr\u00fcld\u00fc\u011f\u00fcn\u00fc a\u00e7\u0131klad\u0131\u00a0Read More<\/p>\n","protected":false},"author":1,"featured_media":6100,"comment_status":"open","ping_status":"open","sticky":false,"template":"","format":"standard","meta":{"footnotes":"","_links_to":"","_links_to_target":""},"categories":[1],"tags":[],"class_list":["post-6099","post","type-post","status-publish","format-standard","has-post-thumbnail","hentry","category-haberler"],"_links":{"self":[{"href":"https:\/\/www.abchukuk.com\/index.php\/wp-json\/wp\/v2\/posts\/6099","targetHints":{"allow":["GET"]}}],"collection":[{"href":"https:\/\/www.abchukuk.com\/index.php\/wp-json\/wp\/v2\/posts"}],"about":[{"href":"https:\/\/www.abchukuk.com\/index.php\/wp-json\/wp\/v2\/types\/post"}],"author":[{"embeddable":true,"href":"https:\/\/www.abchukuk.com\/index.php\/wp-json\/wp\/v2\/users\/1"}],"replies":[{"embeddable":true,"href":"https:\/\/www.abchukuk.com\/index.php\/wp-json\/wp\/v2\/comments?post=6099"}],"version-history":[{"count":0,"href":"https:\/\/www.abchukuk.com\/index.php\/wp-json\/wp\/v2\/posts\/6099\/revisions"}],"wp:featuredmedia":[{"embeddable":true,"href":"https:\/\/www.abchukuk.com\/index.php\/wp-json\/wp\/v2\/media\/6100"}],"wp:attachment":[{"href":"https:\/\/www.abchukuk.com\/index.php\/wp-json\/wp\/v2\/media?parent=6099"}],"wp:term":[{"taxonomy":"category","embeddable":true,"href":"https:\/\/www.abchukuk.com\/index.php\/wp-json\/wp\/v2\/categories?post=6099"},{"taxonomy":"post_tag","embeddable":true,"href":"https:\/\/www.abchukuk.com\/index.php\/wp-json\/wp\/v2\/tags?post=6099"}],"curies":[{"name":"wp","href":"https:\/\/api.w.org\/{rel}","templated":true}]}}