{"id":6097,"date":"2025-09-23T11:12:00","date_gmt":"2025-09-23T11:12:00","guid":{"rendered":"https:\/\/www.abchukuk.com\/index.php\/2025\/09\/23\/tusiad-yoneticileri-orhan-turan-ve-omer-aras-ikinci-kez-hakim-karsisina-cikti-karar-bekleniyordu-durusma-ertelendi\/"},"modified":"2025-09-23T11:12:00","modified_gmt":"2025-09-23T11:12:00","slug":"tusiad-yoneticileri-orhan-turan-ve-omer-aras-ikinci-kez-hakim-karsisina-cikti-karar-bekleniyordu-durusma-ertelendi","status":"publish","type":"post","link":"https:\/\/www.abchukuk.com\/index.php\/2025\/09\/23\/tusiad-yoneticileri-orhan-turan-ve-omer-aras-ikinci-kez-hakim-karsisina-cikti-karar-bekleniyordu-durusma-ertelendi\/","title":{"rendered":"T\u00dcS\u0130AD y\u00f6neticileri Orhan Turan ve \u00d6mer Aras ikinci kez hakim kar\u015f\u0131s\u0131na \u00e7\u0131kt\u0131: Karar bekleniyordu, duru\u015fma ertelendi!"},"content":{"rendered":"<p>T\u00dcS\u0130AD Genel Kurulu&#8217;nda yapt\u0131klar\u0131 konu\u015fmalar nedeniyle haklar\u0131nda dava a\u00e7\u0131lan T\u00dcS\u0130AD Ba\u015fkan\u0131 Orhan Turan ve Y\u0130K Ba\u015fkan\u0131 \u00d6mer Aras, bug\u00fcn ikinci kez hakim kar\u015f\u0131s\u0131na \u00e7\u0131k\u0131yor.T\u00dcS\u0130AD Genel Kurulu&#8217;nda yapt\u0131klar\u0131 konu\u015fmalar nedeniyle haklar\u0131nda dava a\u00e7\u0131lan T\u00dcS\u0130AD Ba\u015fkan\u0131 Orhan Turan ve Y\u0130K Ba\u015fkan\u0131 \u00d6mer Aras, bug\u00fcn ikinci kez hakim kar\u015f\u0131s\u0131na \u00e7\u0131k\u0131yor.\u00a0<a href=\"https:\/\/www.cumhuriyet.com.tr\/siyaset\/tusiad-yoneticileri-orhan-turan-ve-omer-aras-ikinci-kez-hakim-karsisina-cikti-karar-bekleniyordu-durusma-ertelendi-2437606\" target=\"_blank\" class=\"feedzy-rss-link-icon\">Read More<\/a><\/p>","protected":false},"excerpt":{"rendered":"<p>T\u00dcS\u0130AD Genel Kurulu&#8217;nda yapt\u0131klar\u0131 konu\u015fmalar nedeniyle haklar\u0131nda dava a\u00e7\u0131lan T\u00dcS\u0130AD Ba\u015fkan\u0131 Orhan Turan ve Y\u0130K Ba\u015fkan\u0131 \u00d6mer Aras, bug\u00fcn ikinci kez hakim kar\u015f\u0131s\u0131na \u00e7\u0131k\u0131yor.T\u00dcS\u0130AD Genel Kurulu&#8217;nda yapt\u0131klar\u0131 konu\u015fmalar nedeniyle haklar\u0131nda dava a\u00e7\u0131lan T\u00dcS\u0130AD Ba\u015fkan\u0131 Orhan Turan ve Y\u0130K Ba\u015fkan\u0131 \u00d6mer Aras, bug\u00fcn ikinci kez hakim kar\u015f\u0131s\u0131na \u00e7\u0131k\u0131yor.\u00a0Read More<\/p>\n","protected":false},"author":1,"featured_media":6098,"comment_status":"open","ping_status":"open","sticky":false,"template":"","format":"standard","meta":{"footnotes":"","_links_to":"","_links_to_target":""},"categories":[1],"tags":[],"class_list":["post-6097","post","type-post","status-publish","format-standard","has-post-thumbnail","hentry","category-haberler"],"_links":{"self":[{"href":"https:\/\/www.abchukuk.com\/index.php\/wp-json\/wp\/v2\/posts\/6097","targetHints":{"allow":["GET"]}}],"collection":[{"href":"https:\/\/www.abchukuk.com\/index.php\/wp-json\/wp\/v2\/posts"}],"about":[{"href":"https:\/\/www.abchukuk.com\/index.php\/wp-json\/wp\/v2\/types\/post"}],"author":[{"embeddable":true,"href":"https:\/\/www.abchukuk.com\/index.php\/wp-json\/wp\/v2\/users\/1"}],"replies":[{"embeddable":true,"href":"https:\/\/www.abchukuk.com\/index.php\/wp-json\/wp\/v2\/comments?post=6097"}],"version-history":[{"count":0,"href":"https:\/\/www.abchukuk.com\/index.php\/wp-json\/wp\/v2\/posts\/6097\/revisions"}],"wp:featuredmedia":[{"embeddable":true,"href":"https:\/\/www.abchukuk.com\/index.php\/wp-json\/wp\/v2\/media\/6098"}],"wp:attachment":[{"href":"https:\/\/www.abchukuk.com\/index.php\/wp-json\/wp\/v2\/media?parent=6097"}],"wp:term":[{"taxonomy":"category","embeddable":true,"href":"https:\/\/www.abchukuk.com\/index.php\/wp-json\/wp\/v2\/categories?post=6097"},{"taxonomy":"post_tag","embeddable":true,"href":"https:\/\/www.abchukuk.com\/index.php\/wp-json\/wp\/v2\/tags?post=6097"}],"curies":[{"name":"wp","href":"https:\/\/api.w.org\/{rel}","templated":true}]}}