{"id":6096,"date":"2025-09-23T11:14:25","date_gmt":"2025-09-23T11:14:25","guid":{"rendered":"https:\/\/www.abchukuk.com\/index.php\/2025\/09\/23\/yargitaydan-cocuk-annenin-yeni-evlendigi-kisinin-soyadini-alamaz-karari\/"},"modified":"2025-09-23T11:14:25","modified_gmt":"2025-09-23T11:14:25","slug":"yargitaydan-cocuk-annenin-yeni-evlendigi-kisinin-soyadini-alamaz-karari","status":"publish","type":"post","link":"https:\/\/www.abchukuk.com\/index.php\/2025\/09\/23\/yargitaydan-cocuk-annenin-yeni-evlendigi-kisinin-soyadini-alamaz-karari\/","title":{"rendered":"Yarg\u0131tay&#8217;dan &#8220;\u00e7ocuk, annenin yeni evlendi\u011fi ki\u015finin soyad\u0131n\u0131 alamaz&#8221; karar\u0131"},"content":{"rendered":"<p>Yarg\u0131tay, e\u015finden bo\u015fanan kad\u0131n\u0131n, \u00e7ocu\u011funun soyad\u0131n\u0131n yeni evlendi\u011fi ki\u015finin soyad\u0131yla de\u011fi\u015ftirilmesi y\u00f6n\u00fcndeki mahkeme karar\u0131n\u0131 hukuka ayk\u0131r\u0131 buldu. Yerel mahkemenin karar\u0131n\u0131 kanun yarar\u0131na bozdu.Yarg\u0131tay, e\u015finden bo\u015fanan kad\u0131n\u0131n, \u00e7ocu\u011funun soyad\u0131n\u0131n yeni evlendi\u011fi ki\u015finin soyad\u0131yla de\u011fi\u015ftirilmesi y\u00f6n\u00fcndeki mahkeme karar\u0131n\u0131 hukuka ayk\u0131r\u0131 buldu. Yerel mahkemenin karar\u0131n\u0131 kanun yarar\u0131na bozdu.\u00a0<a href=\"https:\/\/anlatilaninotesi.com.tr\/20250923\/yargitaydan-cocuk-annenin-yeni-evlendigi-kisinin-soyadini-alamaz-karari-1099598784.html\" target=\"_blank\" class=\"feedzy-rss-link-icon\">Read More<\/a><\/p>","protected":false},"excerpt":{"rendered":"<p>Yarg\u0131tay, e\u015finden bo\u015fanan kad\u0131n\u0131n, \u00e7ocu\u011funun soyad\u0131n\u0131n yeni evlendi\u011fi ki\u015finin soyad\u0131yla de\u011fi\u015ftirilmesi y\u00f6n\u00fcndeki mahkeme karar\u0131n\u0131 hukuka ayk\u0131r\u0131 buldu. Yerel mahkemenin karar\u0131n\u0131 kanun yarar\u0131na bozdu.Yarg\u0131tay, e\u015finden bo\u015fanan kad\u0131n\u0131n, \u00e7ocu\u011funun soyad\u0131n\u0131n yeni evlendi\u011fi ki\u015finin soyad\u0131yla de\u011fi\u015ftirilmesi y\u00f6n\u00fcndeki mahkeme karar\u0131n\u0131 hukuka ayk\u0131r\u0131 buldu. Yerel mahkemenin karar\u0131n\u0131 kanun yarar\u0131na bozdu.\u00a0Read More<\/p>\n","protected":false},"author":1,"featured_media":0,"comment_status":"open","ping_status":"open","sticky":false,"template":"","format":"standard","meta":{"footnotes":"","_links_to":"","_links_to_target":""},"categories":[1],"tags":[],"class_list":["post-6096","post","type-post","status-publish","format-standard","hentry","category-haberler"],"_links":{"self":[{"href":"https:\/\/www.abchukuk.com\/index.php\/wp-json\/wp\/v2\/posts\/6096","targetHints":{"allow":["GET"]}}],"collection":[{"href":"https:\/\/www.abchukuk.com\/index.php\/wp-json\/wp\/v2\/posts"}],"about":[{"href":"https:\/\/www.abchukuk.com\/index.php\/wp-json\/wp\/v2\/types\/post"}],"author":[{"embeddable":true,"href":"https:\/\/www.abchukuk.com\/index.php\/wp-json\/wp\/v2\/users\/1"}],"replies":[{"embeddable":true,"href":"https:\/\/www.abchukuk.com\/index.php\/wp-json\/wp\/v2\/comments?post=6096"}],"version-history":[{"count":0,"href":"https:\/\/www.abchukuk.com\/index.php\/wp-json\/wp\/v2\/posts\/6096\/revisions"}],"wp:attachment":[{"href":"https:\/\/www.abchukuk.com\/index.php\/wp-json\/wp\/v2\/media?parent=6096"}],"wp:term":[{"taxonomy":"category","embeddable":true,"href":"https:\/\/www.abchukuk.com\/index.php\/wp-json\/wp\/v2\/categories?post=6096"},{"taxonomy":"post_tag","embeddable":true,"href":"https:\/\/www.abchukuk.com\/index.php\/wp-json\/wp\/v2\/tags?post=6096"}],"curies":[{"name":"wp","href":"https:\/\/api.w.org\/{rel}","templated":true}]}}