{"id":6089,"date":"2025-09-23T11:35:00","date_gmt":"2025-09-23T11:35:00","guid":{"rendered":"https:\/\/www.abchukuk.com\/index.php\/2025\/09\/23\/soguk-savas-sunucusu-bogac-soydemir-ve-konugu-enes-akgunduz-gozaltina-alindi\/"},"modified":"2025-09-23T11:35:00","modified_gmt":"2025-09-23T11:35:00","slug":"soguk-savas-sunucusu-bogac-soydemir-ve-konugu-enes-akgunduz-gozaltina-alindi","status":"publish","type":"post","link":"https:\/\/www.abchukuk.com\/index.php\/2025\/09\/23\/soguk-savas-sunucusu-bogac-soydemir-ve-konugu-enes-akgunduz-gozaltina-alindi\/","title":{"rendered":"&#8216;So\u011fuk Sava\u015f&#8217; sunucusu Bo\u011fa\u00e7 Soydemir ve konu\u011fu Enes Akg\u00fcnd\u00fcz g\u00f6zalt\u0131na al\u0131nd\u0131!"},"content":{"rendered":"<p>Son dakika haberi&#8230; So\u011fuk Sava\u015f program\u0131 sunucusu Bo\u011fa\u00e7 Soydemir ile konuk Enes Akg\u00fcnd\u00fcz, \u0130stanbul Cumhuriyet Ba\u015fsavc\u0131l\u0131\u011f\u0131 taraf\u0131ndan ba\u015flat\u0131lan soru\u015fturma kapsam\u0131nda g\u00f6zalt\u0131na al\u0131nd\u0131.Son dakika haberi&#8230; So\u011fuk Sava\u015f program\u0131 sunucusu Bo\u011fa\u00e7 Soydemir ile konuk Enes Akg\u00fcnd\u00fcz, \u0130stanbul Cumhuriyet Ba\u015fsavc\u0131l\u0131\u011f\u0131 taraf\u0131ndan ba\u015flat\u0131lan soru\u015fturma kapsam\u0131nda g\u00f6zalt\u0131na al\u0131nd\u0131.\u00a0<a href=\"https:\/\/www.cumhuriyet.com.tr\/turkiye\/soguk-savas-sunucusu-bogac-soydemir-ve-konugu-enes-akgunduz-gozaltina-alindi-2437614\" target=\"_blank\" class=\"feedzy-rss-link-icon\">Read More<\/a><\/p>","protected":false},"excerpt":{"rendered":"<p>Son dakika haberi&#8230; So\u011fuk Sava\u015f program\u0131 sunucusu Bo\u011fa\u00e7 Soydemir ile konuk Enes Akg\u00fcnd\u00fcz, \u0130stanbul Cumhuriyet Ba\u015fsavc\u0131l\u0131\u011f\u0131 taraf\u0131ndan ba\u015flat\u0131lan soru\u015fturma kapsam\u0131nda g\u00f6zalt\u0131na al\u0131nd\u0131.Son dakika haberi&#8230; So\u011fuk Sava\u015f program\u0131 sunucusu Bo\u011fa\u00e7 Soydemir ile konuk Enes Akg\u00fcnd\u00fcz, \u0130stanbul Cumhuriyet Ba\u015fsavc\u0131l\u0131\u011f\u0131 taraf\u0131ndan ba\u015flat\u0131lan soru\u015fturma kapsam\u0131nda g\u00f6zalt\u0131na al\u0131nd\u0131.\u00a0Read More<\/p>\n","protected":false},"author":1,"featured_media":6090,"comment_status":"open","ping_status":"open","sticky":false,"template":"","format":"standard","meta":{"footnotes":"","_links_to":"","_links_to_target":""},"categories":[1],"tags":[],"class_list":["post-6089","post","type-post","status-publish","format-standard","has-post-thumbnail","hentry","category-haberler"],"_links":{"self":[{"href":"https:\/\/www.abchukuk.com\/index.php\/wp-json\/wp\/v2\/posts\/6089","targetHints":{"allow":["GET"]}}],"collection":[{"href":"https:\/\/www.abchukuk.com\/index.php\/wp-json\/wp\/v2\/posts"}],"about":[{"href":"https:\/\/www.abchukuk.com\/index.php\/wp-json\/wp\/v2\/types\/post"}],"author":[{"embeddable":true,"href":"https:\/\/www.abchukuk.com\/index.php\/wp-json\/wp\/v2\/users\/1"}],"replies":[{"embeddable":true,"href":"https:\/\/www.abchukuk.com\/index.php\/wp-json\/wp\/v2\/comments?post=6089"}],"version-history":[{"count":0,"href":"https:\/\/www.abchukuk.com\/index.php\/wp-json\/wp\/v2\/posts\/6089\/revisions"}],"wp:featuredmedia":[{"embeddable":true,"href":"https:\/\/www.abchukuk.com\/index.php\/wp-json\/wp\/v2\/media\/6090"}],"wp:attachment":[{"href":"https:\/\/www.abchukuk.com\/index.php\/wp-json\/wp\/v2\/media?parent=6089"}],"wp:term":[{"taxonomy":"category","embeddable":true,"href":"https:\/\/www.abchukuk.com\/index.php\/wp-json\/wp\/v2\/categories?post=6089"},{"taxonomy":"post_tag","embeddable":true,"href":"https:\/\/www.abchukuk.com\/index.php\/wp-json\/wp\/v2\/tags?post=6089"}],"curies":[{"name":"wp","href":"https:\/\/api.w.org\/{rel}","templated":true}]}}