{"id":6088,"date":"2025-09-23T11:44:45","date_gmt":"2025-09-23T11:44:45","guid":{"rendered":"https:\/\/www.abchukuk.com\/index.php\/2025\/09\/23\/soguk-savas-programinin-sunucusu-bogac-soydemir-ve-konugu-enes-akgunduz-gozaltina-alindi\/"},"modified":"2025-09-23T11:44:45","modified_gmt":"2025-09-23T11:44:45","slug":"soguk-savas-programinin-sunucusu-bogac-soydemir-ve-konugu-enes-akgunduz-gozaltina-alindi","status":"publish","type":"post","link":"https:\/\/www.abchukuk.com\/index.php\/2025\/09\/23\/soguk-savas-programinin-sunucusu-bogac-soydemir-ve-konugu-enes-akgunduz-gozaltina-alindi\/","title":{"rendered":"&#8216;So\u011fuk Sava\u015f&#8217; program\u0131n\u0131n sunucusu Bo\u011fa\u00e7 Soydemir ve konu\u011fu Enes Akg\u00fcnd\u00fcz g\u00f6zalt\u0131na al\u0131nd\u0131"},"content":{"rendered":"<p>\u201cSo\u011fuk Sava\u015f\u201d program\u0131n\u0131 sunan Bo\u011fa\u00e7 Soydemir ve konuk Enes Akg\u00fcnd\u00fcz g\u00f6zalt\u0131na al\u0131nd\u0131. \u0130stanbul Cumhuriyet Ba\u015fsavc\u0131l\u0131\u011f\u0131 taraf\u0131ndan \u201chalk\u0131 kin ve d\u00fc\u015fmanl\u0131\u011fa tahrik\u201d su\u00e7undan soru\u015fturma ba\u015flat\u0131lm\u0131\u015ft\u0131.\u201cSo\u011fuk Sava\u015f\u201d program\u0131n\u0131 sunan Bo\u011fa\u00e7 Soydemir ve konuk Enes Akg\u00fcnd\u00fcz g\u00f6zalt\u0131na al\u0131nd\u0131. \u0130stanbul Cumhuriyet Ba\u015fsavc\u0131l\u0131\u011f\u0131 taraf\u0131ndan \u201chalk\u0131 kin ve d\u00fc\u015fmanl\u0131\u011fa tahrik\u201d su\u00e7undan soru\u015fturma ba\u015flat\u0131lm\u0131\u015ft\u0131.\u00a0<a href=\"https:\/\/anlatilaninotesi.com.tr\/20250923\/soguk-savas-programinin-sunucusu-bogac-soydemir-ve-konugu-enes-akgunduz-gozaltina-alindi-1099600234.html\" target=\"_blank\" class=\"feedzy-rss-link-icon\">Read More<\/a><\/p>","protected":false},"excerpt":{"rendered":"<p>\u201cSo\u011fuk Sava\u015f\u201d program\u0131n\u0131 sunan Bo\u011fa\u00e7 Soydemir ve konuk Enes Akg\u00fcnd\u00fcz g\u00f6zalt\u0131na al\u0131nd\u0131. \u0130stanbul Cumhuriyet Ba\u015fsavc\u0131l\u0131\u011f\u0131 taraf\u0131ndan \u201chalk\u0131 kin ve d\u00fc\u015fmanl\u0131\u011fa tahrik\u201d su\u00e7undan soru\u015fturma ba\u015flat\u0131lm\u0131\u015ft\u0131.\u201cSo\u011fuk Sava\u015f\u201d program\u0131n\u0131 sunan Bo\u011fa\u00e7 Soydemir ve konuk Enes Akg\u00fcnd\u00fcz g\u00f6zalt\u0131na al\u0131nd\u0131. \u0130stanbul Cumhuriyet Ba\u015fsavc\u0131l\u0131\u011f\u0131 taraf\u0131ndan \u201chalk\u0131 kin ve d\u00fc\u015fmanl\u0131\u011fa tahrik\u201d su\u00e7undan soru\u015fturma ba\u015flat\u0131lm\u0131\u015ft\u0131.\u00a0Read More<\/p>\n","protected":false},"author":1,"featured_media":0,"comment_status":"open","ping_status":"open","sticky":false,"template":"","format":"standard","meta":{"footnotes":"","_links_to":"","_links_to_target":""},"categories":[1],"tags":[],"class_list":["post-6088","post","type-post","status-publish","format-standard","hentry","category-haberler"],"_links":{"self":[{"href":"https:\/\/www.abchukuk.com\/index.php\/wp-json\/wp\/v2\/posts\/6088","targetHints":{"allow":["GET"]}}],"collection":[{"href":"https:\/\/www.abchukuk.com\/index.php\/wp-json\/wp\/v2\/posts"}],"about":[{"href":"https:\/\/www.abchukuk.com\/index.php\/wp-json\/wp\/v2\/types\/post"}],"author":[{"embeddable":true,"href":"https:\/\/www.abchukuk.com\/index.php\/wp-json\/wp\/v2\/users\/1"}],"replies":[{"embeddable":true,"href":"https:\/\/www.abchukuk.com\/index.php\/wp-json\/wp\/v2\/comments?post=6088"}],"version-history":[{"count":0,"href":"https:\/\/www.abchukuk.com\/index.php\/wp-json\/wp\/v2\/posts\/6088\/revisions"}],"wp:attachment":[{"href":"https:\/\/www.abchukuk.com\/index.php\/wp-json\/wp\/v2\/media?parent=6088"}],"wp:term":[{"taxonomy":"category","embeddable":true,"href":"https:\/\/www.abchukuk.com\/index.php\/wp-json\/wp\/v2\/categories?post=6088"},{"taxonomy":"post_tag","embeddable":true,"href":"https:\/\/www.abchukuk.com\/index.php\/wp-json\/wp\/v2\/tags?post=6088"}],"curies":[{"name":"wp","href":"https:\/\/api.w.org\/{rel}","templated":true}]}}