{"id":6081,"date":"2025-09-23T10:03:48","date_gmt":"2025-09-23T10:03:48","guid":{"rendered":"https:\/\/www.abchukuk.com\/index.php\/2025\/09\/23\/yeni-zelandada-iki-cocugunu-oldurup-yillarca-valizde-saklayan-anne-hakkinda-mahkeme-kararini-verdi\/"},"modified":"2025-09-23T10:03:48","modified_gmt":"2025-09-23T10:03:48","slug":"yeni-zelandada-iki-cocugunu-oldurup-yillarca-valizde-saklayan-anne-hakkinda-mahkeme-kararini-verdi","status":"publish","type":"post","link":"https:\/\/www.abchukuk.com\/index.php\/2025\/09\/23\/yeni-zelandada-iki-cocugunu-oldurup-yillarca-valizde-saklayan-anne-hakkinda-mahkeme-kararini-verdi\/","title":{"rendered":"Yeni Zelanda&#8217;da iki \u00e7ocu\u011funu \u00f6ld\u00fcr\u00fcp, y\u0131llarca valizde saklayan anne hakk\u0131nda mahkeme karar\u0131n\u0131 verdi"},"content":{"rendered":"<p>Yeni Zelanda\u2019da 2018\u2019de iki \u00e7ocu\u011funu \u00f6ld\u00fcrd\u00fc\u011f\u00fc ve cesetlerini y\u0131llarca valizlerde saklad\u0131\u011f\u0131 ortaya \u00e7\u0131kan 45 ya\u015f\u0131ndaki kad\u0131n, mahkeme taraf\u0131ndan cinayetten su\u00e7lu bulundu. Kocas\u0131n\u0131n \u00f6l\u00fcm\u00fcn\u00fcn ard\u0131ndan \u00e7ocuklar\u0131n\u0131 \u00f6ld\u00fcren kad\u0131n, G\u00fcney Kore\u2019ye ka\u00e7m\u0131\u015f ve 2022\u2019de ise Yeni Zelanda&#8217;ya iade edilmi\u015fti.Yeni Zelanda\u2019da 2018\u2019de iki \u00e7ocu\u011funu \u00f6ld\u00fcrd\u00fc\u011f\u00fc ve cesetlerini y\u0131llarca valizlerde saklad\u0131\u011f\u0131 ortaya \u00e7\u0131kan 45 ya\u015f\u0131ndaki kad\u0131n, mahkeme taraf\u0131ndan cinayetten su\u00e7lu bulundu. Kocas\u0131n\u0131n \u00f6l\u00fcm\u00fcn\u00fcn ard\u0131ndan \u00e7ocuklar\u0131n\u0131 \u00f6ld\u00fcren kad\u0131n, G\u00fcney Kore\u2019ye ka\u00e7m\u0131\u015f ve 2022\u2019de ise Yeni Zelanda&#8217;ya iade edilmi\u015fti.\u00a0<a href=\"https:\/\/anlatilaninotesi.com.tr\/20250923\/yeni-zelandada-anne-iki-cocugunu-oldurmekten-suclu-bulundu-yillarca-valizde-saklamis-1099594319.html\" target=\"_blank\" class=\"feedzy-rss-link-icon\">Read More<\/a><\/p>","protected":false},"excerpt":{"rendered":"<p>Yeni Zelanda\u2019da 2018\u2019de iki \u00e7ocu\u011funu \u00f6ld\u00fcrd\u00fc\u011f\u00fc ve cesetlerini y\u0131llarca valizlerde saklad\u0131\u011f\u0131 ortaya \u00e7\u0131kan 45 ya\u015f\u0131ndaki kad\u0131n, mahkeme taraf\u0131ndan cinayetten su\u00e7lu bulundu. Kocas\u0131n\u0131n \u00f6l\u00fcm\u00fcn\u00fcn ard\u0131ndan \u00e7ocuklar\u0131n\u0131 \u00f6ld\u00fcren kad\u0131n, G\u00fcney Kore\u2019ye ka\u00e7m\u0131\u015f ve 2022\u2019de ise Yeni Zelanda&#8217;ya iade edilmi\u015fti.Yeni Zelanda\u2019da 2018\u2019de iki \u00e7ocu\u011funu \u00f6ld\u00fcrd\u00fc\u011f\u00fc ve cesetlerini y\u0131llarca valizlerde saklad\u0131\u011f\u0131 ortaya \u00e7\u0131kan 45 ya\u015f\u0131ndaki kad\u0131n, mahkeme taraf\u0131ndan cinayetten [&hellip;]<\/p>\n","protected":false},"author":1,"featured_media":0,"comment_status":"open","ping_status":"open","sticky":false,"template":"","format":"standard","meta":{"footnotes":"","_links_to":"","_links_to_target":""},"categories":[1],"tags":[],"class_list":["post-6081","post","type-post","status-publish","format-standard","hentry","category-haberler"],"_links":{"self":[{"href":"https:\/\/www.abchukuk.com\/index.php\/wp-json\/wp\/v2\/posts\/6081","targetHints":{"allow":["GET"]}}],"collection":[{"href":"https:\/\/www.abchukuk.com\/index.php\/wp-json\/wp\/v2\/posts"}],"about":[{"href":"https:\/\/www.abchukuk.com\/index.php\/wp-json\/wp\/v2\/types\/post"}],"author":[{"embeddable":true,"href":"https:\/\/www.abchukuk.com\/index.php\/wp-json\/wp\/v2\/users\/1"}],"replies":[{"embeddable":true,"href":"https:\/\/www.abchukuk.com\/index.php\/wp-json\/wp\/v2\/comments?post=6081"}],"version-history":[{"count":0,"href":"https:\/\/www.abchukuk.com\/index.php\/wp-json\/wp\/v2\/posts\/6081\/revisions"}],"wp:attachment":[{"href":"https:\/\/www.abchukuk.com\/index.php\/wp-json\/wp\/v2\/media?parent=6081"}],"wp:term":[{"taxonomy":"category","embeddable":true,"href":"https:\/\/www.abchukuk.com\/index.php\/wp-json\/wp\/v2\/categories?post=6081"},{"taxonomy":"post_tag","embeddable":true,"href":"https:\/\/www.abchukuk.com\/index.php\/wp-json\/wp\/v2\/tags?post=6081"}],"curies":[{"name":"wp","href":"https:\/\/api.w.org\/{rel}","templated":true}]}}