{"id":6077,"date":"2025-09-23T10:54:00","date_gmt":"2025-09-23T10:54:00","guid":{"rendered":"https:\/\/www.abchukuk.com\/index.php\/2025\/09\/23\/avukat-burak-saldirogluna-sosyal-medya-paylasimi-nedeniyle-akin-gurlek-iddianamesi\/"},"modified":"2025-09-23T10:54:00","modified_gmt":"2025-09-23T10:54:00","slug":"avukat-burak-saldirogluna-sosyal-medya-paylasimi-nedeniyle-akin-gurlek-iddianamesi","status":"publish","type":"post","link":"https:\/\/www.abchukuk.com\/index.php\/2025\/09\/23\/avukat-burak-saldirogluna-sosyal-medya-paylasimi-nedeniyle-akin-gurlek-iddianamesi\/","title":{"rendered":"Avukat Burak Sald\u0131ro\u011flu&#8217;na sosyal medya payla\u015f\u0131m\u0131 nedeniyle &#8216;Ak\u0131n G\u00fcrlek&#8217; iddianamesi"},"content":{"rendered":"<p>Avukat Burak Sald\u0131ro\u011flu hakk\u0131nda, sosyal medya hesab\u0131ndan yapt\u0131\u011f\u0131 bir payla\u015f\u0131m gerek\u00e7esiyle \u201cter\u00f6rle m\u00fccadelede g\u00f6rev alm\u0131\u015f ki\u015fileri hedef g\u00f6stermek\u201d su\u00e7undan dava a\u00e7\u0131ld\u0131. Sald\u0131ro\u011flu ifadesinde kimseyi hedef g\u00f6stermedi\u011fini ve payla\u015f\u0131m\u0131n\u0131n ifade \u00f6zg\u00fcrl\u00fc\u011f\u00fc kapsam\u0131nda de\u011ferlendirilmesi gerekti\u011fini s\u00f6yledi.Avukat Burak Sald\u0131ro\u011flu hakk\u0131nda, sosyal medya hesab\u0131ndan yapt\u0131\u011f\u0131 bir payla\u015f\u0131m gerek\u00e7esiyle \u201cter\u00f6rle m\u00fccadelede g\u00f6rev alm\u0131\u015f ki\u015fileri hedef g\u00f6stermek\u201d su\u00e7undan dava a\u00e7\u0131ld\u0131. Sald\u0131ro\u011flu ifadesinde kimseyi hedef g\u00f6stermedi\u011fini ve payla\u015f\u0131m\u0131n\u0131n ifade \u00f6zg\u00fcrl\u00fc\u011f\u00fc kapsam\u0131nda de\u011ferlendirilmesi gerekti\u011fini s\u00f6yledi.\u00a0<a href=\"https:\/\/www.cumhuriyet.com.tr\/siyaset\/avukat-burak-saldiroglu-na-sosyal-medya-paylasimi-nedeniyle-akin-gurlek-iddianamesi-2437595\" target=\"_blank\" class=\"feedzy-rss-link-icon\">Read More<\/a><\/p>","protected":false},"excerpt":{"rendered":"<p>Avukat Burak Sald\u0131ro\u011flu hakk\u0131nda, sosyal medya hesab\u0131ndan yapt\u0131\u011f\u0131 bir payla\u015f\u0131m gerek\u00e7esiyle \u201cter\u00f6rle m\u00fccadelede g\u00f6rev alm\u0131\u015f ki\u015fileri hedef g\u00f6stermek\u201d su\u00e7undan dava a\u00e7\u0131ld\u0131. Sald\u0131ro\u011flu ifadesinde kimseyi hedef g\u00f6stermedi\u011fini ve payla\u015f\u0131m\u0131n\u0131n ifade \u00f6zg\u00fcrl\u00fc\u011f\u00fc kapsam\u0131nda de\u011ferlendirilmesi gerekti\u011fini s\u00f6yledi.Avukat Burak Sald\u0131ro\u011flu hakk\u0131nda, sosyal medya hesab\u0131ndan yapt\u0131\u011f\u0131 bir payla\u015f\u0131m gerek\u00e7esiyle \u201cter\u00f6rle m\u00fccadelede g\u00f6rev alm\u0131\u015f ki\u015fileri hedef g\u00f6stermek\u201d su\u00e7undan dava a\u00e7\u0131ld\u0131. Sald\u0131ro\u011flu [&hellip;]<\/p>\n","protected":false},"author":1,"featured_media":6078,"comment_status":"open","ping_status":"open","sticky":false,"template":"","format":"standard","meta":{"footnotes":"","_links_to":"","_links_to_target":""},"categories":[1],"tags":[],"class_list":["post-6077","post","type-post","status-publish","format-standard","has-post-thumbnail","hentry","category-haberler"],"_links":{"self":[{"href":"https:\/\/www.abchukuk.com\/index.php\/wp-json\/wp\/v2\/posts\/6077","targetHints":{"allow":["GET"]}}],"collection":[{"href":"https:\/\/www.abchukuk.com\/index.php\/wp-json\/wp\/v2\/posts"}],"about":[{"href":"https:\/\/www.abchukuk.com\/index.php\/wp-json\/wp\/v2\/types\/post"}],"author":[{"embeddable":true,"href":"https:\/\/www.abchukuk.com\/index.php\/wp-json\/wp\/v2\/users\/1"}],"replies":[{"embeddable":true,"href":"https:\/\/www.abchukuk.com\/index.php\/wp-json\/wp\/v2\/comments?post=6077"}],"version-history":[{"count":0,"href":"https:\/\/www.abchukuk.com\/index.php\/wp-json\/wp\/v2\/posts\/6077\/revisions"}],"wp:featuredmedia":[{"embeddable":true,"href":"https:\/\/www.abchukuk.com\/index.php\/wp-json\/wp\/v2\/media\/6078"}],"wp:attachment":[{"href":"https:\/\/www.abchukuk.com\/index.php\/wp-json\/wp\/v2\/media?parent=6077"}],"wp:term":[{"taxonomy":"category","embeddable":true,"href":"https:\/\/www.abchukuk.com\/index.php\/wp-json\/wp\/v2\/categories?post=6077"},{"taxonomy":"post_tag","embeddable":true,"href":"https:\/\/www.abchukuk.com\/index.php\/wp-json\/wp\/v2\/tags?post=6077"}],"curies":[{"name":"wp","href":"https:\/\/api.w.org\/{rel}","templated":true}]}}