{"id":6073,"date":"2025-09-23T09:19:00","date_gmt":"2025-09-23T09:19:00","guid":{"rendered":"https:\/\/www.abchukuk.com\/index.php\/2025\/09\/23\/yuzde-60-zihinsel-engelli-gence-hakim-ve-savcilari-tehditten-31-yil-hapis-cezasi\/"},"modified":"2025-09-23T09:19:00","modified_gmt":"2025-09-23T09:19:00","slug":"yuzde-60-zihinsel-engelli-gence-hakim-ve-savcilari-tehditten-31-yil-hapis-cezasi","status":"publish","type":"post","link":"https:\/\/www.abchukuk.com\/index.php\/2025\/09\/23\/yuzde-60-zihinsel-engelli-gence-hakim-ve-savcilari-tehditten-31-yil-hapis-cezasi\/","title":{"rendered":"Y\u00fczde 60 zihinsel engelli gence, hakim ve savc\u0131lar\u0131 tehditten 31 y\u0131l hapis cezas\u0131!"},"content":{"rendered":"<p>Antalya\u2019da yarg\u0131 mensuplar\u0131n\u0131 tehdit etti\u011fi ve milyonlarca ki\u015finin ki\u015fisel verisini ele ge\u00e7iren hacker grubuna kat\u0131ld\u0131\u011f\u0131 iddias\u0131yla yarg\u0131lanan y\u00fczde 60 engelli Umut Can Islak\u2019a 31 y\u0131l 3 ay hapis cezas\u0131 verildi. Baba Islak, o\u011flunun ceza-i ehliyetinin olmad\u0131\u011f\u0131n\u0131 savunarak &#8220;O\u011flum ki\u015fisel bak\u0131m\u0131n\u0131 d\u00e2hi tek ba\u015f\u0131na yapam\u0131yor&#8221; dedi.Antalya\u2019da yarg\u0131 mensuplar\u0131n\u0131 tehdit etti\u011fi ve milyonlarca ki\u015finin ki\u015fisel verisini ele ge\u00e7iren hacker grubuna kat\u0131ld\u0131\u011f\u0131 iddias\u0131yla yarg\u0131lanan y\u00fczde 60 engelli Umut Can Islak\u2019a 31 y\u0131l 3 ay hapis cezas\u0131 verildi. Baba Islak, o\u011flunun ceza-i ehliyetinin olmad\u0131\u011f\u0131n\u0131 savunarak &#8220;O\u011flum ki\u015fisel bak\u0131m\u0131n\u0131 d\u00e2hi tek ba\u015f\u0131na yapam\u0131yor&#8221; dedi.\u00a0<a href=\"https:\/\/www.cumhuriyet.com.tr\/turkiye\/yuzde-60-zihinsel-engelli-gence-hakim-ve-savcilari-tehditten-31-yil-hapis-cezasi-2437547\" target=\"_blank\" class=\"feedzy-rss-link-icon\">Read More<\/a><\/p>","protected":false},"excerpt":{"rendered":"<p>Antalya\u2019da yarg\u0131 mensuplar\u0131n\u0131 tehdit etti\u011fi ve milyonlarca ki\u015finin ki\u015fisel verisini ele ge\u00e7iren hacker grubuna kat\u0131ld\u0131\u011f\u0131 iddias\u0131yla yarg\u0131lanan y\u00fczde 60 engelli Umut Can Islak\u2019a 31 y\u0131l 3 ay hapis cezas\u0131 verildi. Baba Islak, o\u011flunun ceza-i ehliyetinin olmad\u0131\u011f\u0131n\u0131 savunarak &#8220;O\u011flum ki\u015fisel bak\u0131m\u0131n\u0131 d\u00e2hi tek ba\u015f\u0131na yapam\u0131yor&#8221; dedi.Antalya\u2019da yarg\u0131 mensuplar\u0131n\u0131 tehdit etti\u011fi ve milyonlarca ki\u015finin ki\u015fisel verisini ele [&hellip;]<\/p>\n","protected":false},"author":1,"featured_media":6074,"comment_status":"open","ping_status":"open","sticky":false,"template":"","format":"standard","meta":{"footnotes":"","_links_to":"","_links_to_target":""},"categories":[1],"tags":[],"class_list":["post-6073","post","type-post","status-publish","format-standard","has-post-thumbnail","hentry","category-haberler"],"_links":{"self":[{"href":"https:\/\/www.abchukuk.com\/index.php\/wp-json\/wp\/v2\/posts\/6073","targetHints":{"allow":["GET"]}}],"collection":[{"href":"https:\/\/www.abchukuk.com\/index.php\/wp-json\/wp\/v2\/posts"}],"about":[{"href":"https:\/\/www.abchukuk.com\/index.php\/wp-json\/wp\/v2\/types\/post"}],"author":[{"embeddable":true,"href":"https:\/\/www.abchukuk.com\/index.php\/wp-json\/wp\/v2\/users\/1"}],"replies":[{"embeddable":true,"href":"https:\/\/www.abchukuk.com\/index.php\/wp-json\/wp\/v2\/comments?post=6073"}],"version-history":[{"count":0,"href":"https:\/\/www.abchukuk.com\/index.php\/wp-json\/wp\/v2\/posts\/6073\/revisions"}],"wp:featuredmedia":[{"embeddable":true,"href":"https:\/\/www.abchukuk.com\/index.php\/wp-json\/wp\/v2\/media\/6074"}],"wp:attachment":[{"href":"https:\/\/www.abchukuk.com\/index.php\/wp-json\/wp\/v2\/media?parent=6073"}],"wp:term":[{"taxonomy":"category","embeddable":true,"href":"https:\/\/www.abchukuk.com\/index.php\/wp-json\/wp\/v2\/categories?post=6073"},{"taxonomy":"post_tag","embeddable":true,"href":"https:\/\/www.abchukuk.com\/index.php\/wp-json\/wp\/v2\/tags?post=6073"}],"curies":[{"name":"wp","href":"https:\/\/api.w.org\/{rel}","templated":true}]}}