{"id":6069,"date":"2025-09-23T08:07:00","date_gmt":"2025-09-23T08:07:00","guid":{"rendered":"https:\/\/www.abchukuk.com\/index.php\/2025\/09\/23\/adalet-bakanligi-promosyon-odemeleri-ne-zaman-yatacak-adalet-bakanligi-promosyon-odeme-tarihleri-aciklandi-mi\/"},"modified":"2025-09-23T08:07:00","modified_gmt":"2025-09-23T08:07:00","slug":"adalet-bakanligi-promosyon-odemeleri-ne-zaman-yatacak-adalet-bakanligi-promosyon-odeme-tarihleri-aciklandi-mi","status":"publish","type":"post","link":"https:\/\/www.abchukuk.com\/index.php\/2025\/09\/23\/adalet-bakanligi-promosyon-odemeleri-ne-zaman-yatacak-adalet-bakanligi-promosyon-odeme-tarihleri-aciklandi-mi\/","title":{"rendered":"Adalet Bakanl\u0131\u011f\u0131 promosyon \u00f6demeleri ne zaman yatacak? Adalet Bakanl\u0131\u011f\u0131 promosyon \u00f6deme tarihleri a\u00e7\u0131kland\u0131 m\u0131?"},"content":{"rendered":"<p>Adalet Bakanl\u0131\u011f\u0131 ile Vak\u0131fbank aras\u0131nda yap\u0131lan promosyon anla\u015fmas\u0131n\u0131n ard\u0131ndan g\u00f6zler \u00f6deme tarihlerine \u00e7evrildi. Peki, Adalet Bakanl\u0131\u011f\u0131 promosyon \u00f6demeleri ne zaman yatacak? Adalet Bakanl\u0131\u011f\u0131 promosyon \u00f6deme tarihleri a\u00e7\u0131kland\u0131 m\u0131?Adalet Bakanl\u0131\u011f\u0131 ile Vak\u0131fbank aras\u0131nda yap\u0131lan promosyon anla\u015fmas\u0131n\u0131n ard\u0131ndan g\u00f6zler \u00f6deme tarihlerine \u00e7evrildi. Peki, Adalet Bakanl\u0131\u011f\u0131 promosyon \u00f6demeleri ne zaman yatacak? Adalet Bakanl\u0131\u011f\u0131 promosyon \u00f6deme tarihleri a\u00e7\u0131kland\u0131 m\u0131?\u00a0<a href=\"https:\/\/www.cumhuriyet.com.tr\/turkiye\/adalet-bakanligi-promosyon-odemeleri-ne-zaman-yatacak-adalet-bakanligi-promosyon-odeme-tarihleri-aciklandi-mi-2437517\" target=\"_blank\" class=\"feedzy-rss-link-icon\">Read More<\/a><\/p>","protected":false},"excerpt":{"rendered":"<p>Adalet Bakanl\u0131\u011f\u0131 ile Vak\u0131fbank aras\u0131nda yap\u0131lan promosyon anla\u015fmas\u0131n\u0131n ard\u0131ndan g\u00f6zler \u00f6deme tarihlerine \u00e7evrildi. Peki, Adalet Bakanl\u0131\u011f\u0131 promosyon \u00f6demeleri ne zaman yatacak? Adalet Bakanl\u0131\u011f\u0131 promosyon \u00f6deme tarihleri a\u00e7\u0131kland\u0131 m\u0131?Adalet Bakanl\u0131\u011f\u0131 ile Vak\u0131fbank aras\u0131nda yap\u0131lan promosyon anla\u015fmas\u0131n\u0131n ard\u0131ndan g\u00f6zler \u00f6deme tarihlerine \u00e7evrildi. Peki, Adalet Bakanl\u0131\u011f\u0131 promosyon \u00f6demeleri ne zaman yatacak? Adalet Bakanl\u0131\u011f\u0131 promosyon \u00f6deme tarihleri a\u00e7\u0131kland\u0131 m\u0131?\u00a0Read [&hellip;]<\/p>\n","protected":false},"author":1,"featured_media":6070,"comment_status":"open","ping_status":"open","sticky":false,"template":"","format":"standard","meta":{"footnotes":"","_links_to":"","_links_to_target":""},"categories":[1],"tags":[],"class_list":["post-6069","post","type-post","status-publish","format-standard","has-post-thumbnail","hentry","category-haberler"],"_links":{"self":[{"href":"https:\/\/www.abchukuk.com\/index.php\/wp-json\/wp\/v2\/posts\/6069","targetHints":{"allow":["GET"]}}],"collection":[{"href":"https:\/\/www.abchukuk.com\/index.php\/wp-json\/wp\/v2\/posts"}],"about":[{"href":"https:\/\/www.abchukuk.com\/index.php\/wp-json\/wp\/v2\/types\/post"}],"author":[{"embeddable":true,"href":"https:\/\/www.abchukuk.com\/index.php\/wp-json\/wp\/v2\/users\/1"}],"replies":[{"embeddable":true,"href":"https:\/\/www.abchukuk.com\/index.php\/wp-json\/wp\/v2\/comments?post=6069"}],"version-history":[{"count":0,"href":"https:\/\/www.abchukuk.com\/index.php\/wp-json\/wp\/v2\/posts\/6069\/revisions"}],"wp:featuredmedia":[{"embeddable":true,"href":"https:\/\/www.abchukuk.com\/index.php\/wp-json\/wp\/v2\/media\/6070"}],"wp:attachment":[{"href":"https:\/\/www.abchukuk.com\/index.php\/wp-json\/wp\/v2\/media?parent=6069"}],"wp:term":[{"taxonomy":"category","embeddable":true,"href":"https:\/\/www.abchukuk.com\/index.php\/wp-json\/wp\/v2\/categories?post=6069"},{"taxonomy":"post_tag","embeddable":true,"href":"https:\/\/www.abchukuk.com\/index.php\/wp-json\/wp\/v2\/tags?post=6069"}],"curies":[{"name":"wp","href":"https:\/\/api.w.org\/{rel}","templated":true}]}}