{"id":6067,"date":"2025-09-23T08:29:00","date_gmt":"2025-09-23T08:29:00","guid":{"rendered":"https:\/\/www.abchukuk.com\/index.php\/2025\/09\/23\/beyoglundaki-taksici-cinayetinde-yeni-gelisme-3-supheli-adliyeye-sevk-edildi\/"},"modified":"2025-09-23T08:29:00","modified_gmt":"2025-09-23T08:29:00","slug":"beyoglundaki-taksici-cinayetinde-yeni-gelisme-3-supheli-adliyeye-sevk-edildi","status":"publish","type":"post","link":"https:\/\/www.abchukuk.com\/index.php\/2025\/09\/23\/beyoglundaki-taksici-cinayetinde-yeni-gelisme-3-supheli-adliyeye-sevk-edildi\/","title":{"rendered":"Beyo\u011flu&#8217;ndaki taksici cinayetinde yeni geli\u015fme: 3 \u015f\u00fcpheli adliyeye sevk edildi"},"content":{"rendered":"<p>Beyo\u011flu&#8217;nda 2 \u00e7ocuk babas\u0131 taksi \u015fof\u00f6r\u00fc Ali Sancar&#8217;\u0131n \u00f6ld\u00fcr\u00fclmesine ili\u015fkin yakalanan 3 \u015f\u00fcpheli adliyeye sevk edildi.Beyo\u011flu&#8217;nda 2 \u00e7ocuk babas\u0131 taksi \u015fof\u00f6r\u00fc Ali Sancar&#8217;\u0131n \u00f6ld\u00fcr\u00fclmesine ili\u015fkin yakalanan 3 \u015f\u00fcpheli adliyeye sevk edildi.\u00a0<a href=\"https:\/\/www.cumhuriyet.com.tr\/turkiye\/beyoglu-ndaki-taksici-cinayetinde-yeni-gelisme-3-supheli-adliyeye-sevk-edildi-2437527\" target=\"_blank\" class=\"feedzy-rss-link-icon\">Read More<\/a><\/p>","protected":false},"excerpt":{"rendered":"<p>Beyo\u011flu&#8217;nda 2 \u00e7ocuk babas\u0131 taksi \u015fof\u00f6r\u00fc Ali Sancar&#8217;\u0131n \u00f6ld\u00fcr\u00fclmesine ili\u015fkin yakalanan 3 \u015f\u00fcpheli adliyeye sevk edildi.Beyo\u011flu&#8217;nda 2 \u00e7ocuk babas\u0131 taksi \u015fof\u00f6r\u00fc Ali Sancar&#8217;\u0131n \u00f6ld\u00fcr\u00fclmesine ili\u015fkin yakalanan 3 \u015f\u00fcpheli adliyeye sevk edildi.\u00a0Read More<\/p>\n","protected":false},"author":1,"featured_media":6068,"comment_status":"open","ping_status":"open","sticky":false,"template":"","format":"standard","meta":{"footnotes":"","_links_to":"","_links_to_target":""},"categories":[1],"tags":[],"class_list":["post-6067","post","type-post","status-publish","format-standard","has-post-thumbnail","hentry","category-haberler"],"_links":{"self":[{"href":"https:\/\/www.abchukuk.com\/index.php\/wp-json\/wp\/v2\/posts\/6067","targetHints":{"allow":["GET"]}}],"collection":[{"href":"https:\/\/www.abchukuk.com\/index.php\/wp-json\/wp\/v2\/posts"}],"about":[{"href":"https:\/\/www.abchukuk.com\/index.php\/wp-json\/wp\/v2\/types\/post"}],"author":[{"embeddable":true,"href":"https:\/\/www.abchukuk.com\/index.php\/wp-json\/wp\/v2\/users\/1"}],"replies":[{"embeddable":true,"href":"https:\/\/www.abchukuk.com\/index.php\/wp-json\/wp\/v2\/comments?post=6067"}],"version-history":[{"count":0,"href":"https:\/\/www.abchukuk.com\/index.php\/wp-json\/wp\/v2\/posts\/6067\/revisions"}],"wp:featuredmedia":[{"embeddable":true,"href":"https:\/\/www.abchukuk.com\/index.php\/wp-json\/wp\/v2\/media\/6068"}],"wp:attachment":[{"href":"https:\/\/www.abchukuk.com\/index.php\/wp-json\/wp\/v2\/media?parent=6067"}],"wp:term":[{"taxonomy":"category","embeddable":true,"href":"https:\/\/www.abchukuk.com\/index.php\/wp-json\/wp\/v2\/categories?post=6067"},{"taxonomy":"post_tag","embeddable":true,"href":"https:\/\/www.abchukuk.com\/index.php\/wp-json\/wp\/v2\/tags?post=6067"}],"curies":[{"name":"wp","href":"https:\/\/api.w.org\/{rel}","templated":true}]}}