{"id":6057,"date":"2025-09-23T07:18:00","date_gmt":"2025-09-23T07:18:00","guid":{"rendered":"https:\/\/www.abchukuk.com\/index.php\/2025\/09\/23\/kyk-yurdundaki-skandal-4-tutuklama\/"},"modified":"2025-09-23T07:18:00","modified_gmt":"2025-09-23T07:18:00","slug":"kyk-yurdundaki-skandal-4-tutuklama","status":"publish","type":"post","link":"https:\/\/www.abchukuk.com\/index.php\/2025\/09\/23\/kyk-yurdundaki-skandal-4-tutuklama\/","title":{"rendered":"KYK yurdundaki skandal: 4 tutuklama!"},"content":{"rendered":"<p>\u0130stanbul Emniyet M\u00fcd\u00fcrl\u00fc\u011f\u00fc, k\u0131z \u00f6\u011frenci yurdunda \u00f6\u011frencilerin ki\u015fisel e\u015fyalar\u0131na zarar verdikleri g\u00f6r\u00fcnt\u00fclerin ortaya \u00e7\u0131kmas\u0131n\u0131n ard\u0131ndan yakalanan 4 zanl\u0131n\u0131n, sevk edildikleri hakimlik\u00e7e tutukland\u0131\u011f\u0131n\u0131 a\u00e7\u0131klad\u0131.\u0130stanbul Emniyet M\u00fcd\u00fcrl\u00fc\u011f\u00fc, k\u0131z \u00f6\u011frenci yurdunda \u00f6\u011frencilerin ki\u015fisel e\u015fyalar\u0131na zarar verdikleri g\u00f6r\u00fcnt\u00fclerin ortaya \u00e7\u0131kmas\u0131n\u0131n ard\u0131ndan yakalanan 4 zanl\u0131n\u0131n, sevk edildikleri hakimlik\u00e7e tutukland\u0131\u011f\u0131n\u0131 a\u00e7\u0131klad\u0131.\u00a0<a href=\"https:\/\/www.cumhuriyet.com.tr\/turkiye\/kyk-yurdundaki-skandal-4-tutuklama-2437492\" target=\"_blank\" class=\"feedzy-rss-link-icon\">Read More<\/a><\/p>","protected":false},"excerpt":{"rendered":"<p>\u0130stanbul Emniyet M\u00fcd\u00fcrl\u00fc\u011f\u00fc, k\u0131z \u00f6\u011frenci yurdunda \u00f6\u011frencilerin ki\u015fisel e\u015fyalar\u0131na zarar verdikleri g\u00f6r\u00fcnt\u00fclerin ortaya \u00e7\u0131kmas\u0131n\u0131n ard\u0131ndan yakalanan 4 zanl\u0131n\u0131n, sevk edildikleri hakimlik\u00e7e tutukland\u0131\u011f\u0131n\u0131 a\u00e7\u0131klad\u0131.\u0130stanbul Emniyet M\u00fcd\u00fcrl\u00fc\u011f\u00fc, k\u0131z \u00f6\u011frenci yurdunda \u00f6\u011frencilerin ki\u015fisel e\u015fyalar\u0131na zarar verdikleri g\u00f6r\u00fcnt\u00fclerin ortaya \u00e7\u0131kmas\u0131n\u0131n ard\u0131ndan yakalanan 4 zanl\u0131n\u0131n, sevk edildikleri hakimlik\u00e7e tutukland\u0131\u011f\u0131n\u0131 a\u00e7\u0131klad\u0131.\u00a0Read More<\/p>\n","protected":false},"author":1,"featured_media":6058,"comment_status":"open","ping_status":"open","sticky":false,"template":"","format":"standard","meta":{"footnotes":"","_links_to":"","_links_to_target":""},"categories":[1],"tags":[],"class_list":["post-6057","post","type-post","status-publish","format-standard","has-post-thumbnail","hentry","category-haberler"],"_links":{"self":[{"href":"https:\/\/www.abchukuk.com\/index.php\/wp-json\/wp\/v2\/posts\/6057","targetHints":{"allow":["GET"]}}],"collection":[{"href":"https:\/\/www.abchukuk.com\/index.php\/wp-json\/wp\/v2\/posts"}],"about":[{"href":"https:\/\/www.abchukuk.com\/index.php\/wp-json\/wp\/v2\/types\/post"}],"author":[{"embeddable":true,"href":"https:\/\/www.abchukuk.com\/index.php\/wp-json\/wp\/v2\/users\/1"}],"replies":[{"embeddable":true,"href":"https:\/\/www.abchukuk.com\/index.php\/wp-json\/wp\/v2\/comments?post=6057"}],"version-history":[{"count":0,"href":"https:\/\/www.abchukuk.com\/index.php\/wp-json\/wp\/v2\/posts\/6057\/revisions"}],"wp:featuredmedia":[{"embeddable":true,"href":"https:\/\/www.abchukuk.com\/index.php\/wp-json\/wp\/v2\/media\/6058"}],"wp:attachment":[{"href":"https:\/\/www.abchukuk.com\/index.php\/wp-json\/wp\/v2\/media?parent=6057"}],"wp:term":[{"taxonomy":"category","embeddable":true,"href":"https:\/\/www.abchukuk.com\/index.php\/wp-json\/wp\/v2\/categories?post=6057"},{"taxonomy":"post_tag","embeddable":true,"href":"https:\/\/www.abchukuk.com\/index.php\/wp-json\/wp\/v2\/tags?post=6057"}],"curies":[{"name":"wp","href":"https:\/\/api.w.org\/{rel}","templated":true}]}}