{"id":6055,"date":"2025-09-23T07:26:00","date_gmt":"2025-09-23T07:26:00","guid":{"rendered":"https:\/\/www.abchukuk.com\/index.php\/2025\/09\/23\/feto-elebasini-ovenlere-operasyon-cok-sayida-gozalti-var\/"},"modified":"2025-09-23T07:26:00","modified_gmt":"2025-09-23T07:26:00","slug":"feto-elebasini-ovenlere-operasyon-cok-sayida-gozalti-var","status":"publish","type":"post","link":"https:\/\/www.abchukuk.com\/index.php\/2025\/09\/23\/feto-elebasini-ovenlere-operasyon-cok-sayida-gozalti-var\/","title":{"rendered":"FET\u00d6 eleba\u015f\u0131n\u0131 \u00f6venlere operasyon:  \u00c7ok say\u0131da g\u00f6zalt\u0131 var!"},"content":{"rendered":"<p>\u0130zmir&#8217;de; FET\u00d6 i\u00e7erisinde faaliyette bulunduklar\u0131 de\u011ferlendirilen, ifade ve te\u015fhislerde adlar\u0131 ge\u00e7en ayr\u0131ca sosyal medya hesaplar\u0131 \u00fczerinden \u00f6rg\u00fct eleba\u015f\u0131n\u0131 \u00f6v\u00fcc\u00fc payla\u015f\u0131m yapt\u0131klar\u0131 belirlenen 10 ki\u015fi g\u00f6zalt\u0131na al\u0131nd\u0131.\u0130zmir&#8217;de; FET\u00d6 i\u00e7erisinde faaliyette bulunduklar\u0131 de\u011ferlendirilen, ifade ve te\u015fhislerde adlar\u0131 ge\u00e7en ayr\u0131ca sosyal medya hesaplar\u0131 \u00fczerinden \u00f6rg\u00fct eleba\u015f\u0131n\u0131 \u00f6v\u00fcc\u00fc payla\u015f\u0131m yapt\u0131klar\u0131 belirlenen 10 ki\u015fi g\u00f6zalt\u0131na al\u0131nd\u0131.\u00a0<a href=\"https:\/\/www.cumhuriyet.com.tr\/turkiye\/feto-elebasini-ovenlere-operasyon-cok-sayida-gozalti-var-2437495\" target=\"_blank\" class=\"feedzy-rss-link-icon\">Read More<\/a><\/p>","protected":false},"excerpt":{"rendered":"<p>\u0130zmir&#8217;de; FET\u00d6 i\u00e7erisinde faaliyette bulunduklar\u0131 de\u011ferlendirilen, ifade ve te\u015fhislerde adlar\u0131 ge\u00e7en ayr\u0131ca sosyal medya hesaplar\u0131 \u00fczerinden \u00f6rg\u00fct eleba\u015f\u0131n\u0131 \u00f6v\u00fcc\u00fc payla\u015f\u0131m yapt\u0131klar\u0131 belirlenen 10 ki\u015fi g\u00f6zalt\u0131na al\u0131nd\u0131.\u0130zmir&#8217;de; FET\u00d6 i\u00e7erisinde faaliyette bulunduklar\u0131 de\u011ferlendirilen, ifade ve te\u015fhislerde adlar\u0131 ge\u00e7en ayr\u0131ca sosyal medya hesaplar\u0131 \u00fczerinden \u00f6rg\u00fct eleba\u015f\u0131n\u0131 \u00f6v\u00fcc\u00fc payla\u015f\u0131m yapt\u0131klar\u0131 belirlenen 10 ki\u015fi g\u00f6zalt\u0131na al\u0131nd\u0131.\u00a0Read More<\/p>\n","protected":false},"author":1,"featured_media":6056,"comment_status":"open","ping_status":"open","sticky":false,"template":"","format":"standard","meta":{"footnotes":"","_links_to":"","_links_to_target":""},"categories":[1],"tags":[],"class_list":["post-6055","post","type-post","status-publish","format-standard","has-post-thumbnail","hentry","category-haberler"],"_links":{"self":[{"href":"https:\/\/www.abchukuk.com\/index.php\/wp-json\/wp\/v2\/posts\/6055","targetHints":{"allow":["GET"]}}],"collection":[{"href":"https:\/\/www.abchukuk.com\/index.php\/wp-json\/wp\/v2\/posts"}],"about":[{"href":"https:\/\/www.abchukuk.com\/index.php\/wp-json\/wp\/v2\/types\/post"}],"author":[{"embeddable":true,"href":"https:\/\/www.abchukuk.com\/index.php\/wp-json\/wp\/v2\/users\/1"}],"replies":[{"embeddable":true,"href":"https:\/\/www.abchukuk.com\/index.php\/wp-json\/wp\/v2\/comments?post=6055"}],"version-history":[{"count":0,"href":"https:\/\/www.abchukuk.com\/index.php\/wp-json\/wp\/v2\/posts\/6055\/revisions"}],"wp:featuredmedia":[{"embeddable":true,"href":"https:\/\/www.abchukuk.com\/index.php\/wp-json\/wp\/v2\/media\/6056"}],"wp:attachment":[{"href":"https:\/\/www.abchukuk.com\/index.php\/wp-json\/wp\/v2\/media?parent=6055"}],"wp:term":[{"taxonomy":"category","embeddable":true,"href":"https:\/\/www.abchukuk.com\/index.php\/wp-json\/wp\/v2\/categories?post=6055"},{"taxonomy":"post_tag","embeddable":true,"href":"https:\/\/www.abchukuk.com\/index.php\/wp-json\/wp\/v2\/tags?post=6055"}],"curies":[{"name":"wp","href":"https:\/\/api.w.org\/{rel}","templated":true}]}}