{"id":6041,"date":"2025-09-23T05:28:00","date_gmt":"2025-09-23T05:28:00","guid":{"rendered":"https:\/\/www.abchukuk.com\/index.php\/2025\/09\/23\/son-dakika-ankara-buyuksehir-belediyesine-operasyon-cok-sayida-kisi-icin-gozalti-karari\/"},"modified":"2025-09-23T05:28:00","modified_gmt":"2025-09-23T05:28:00","slug":"son-dakika-ankara-buyuksehir-belediyesine-operasyon-cok-sayida-kisi-icin-gozalti-karari","status":"publish","type":"post","link":"https:\/\/www.abchukuk.com\/index.php\/2025\/09\/23\/son-dakika-ankara-buyuksehir-belediyesine-operasyon-cok-sayida-kisi-icin-gozalti-karari\/","title":{"rendered":"Son dakika&#8230; Ankara B\u00fcy\u00fck\u015fehir Belediyesi&#8217;ne operasyon: \u00c7ok say\u0131da ki\u015fi i\u00e7in g\u00f6zalt\u0131 karar\u0131!"},"content":{"rendered":"<p>Son dakika haberi&#8230; Ankara B\u00fcy\u00fck\u015fehir Belediyesi\u2019nin 2021-2024 y\u0131llar\u0131nda d\u00fczenledi\u011fi konserlerde yapt\u0131\u011f\u0131 harcamalarda &#8216;kamu zarar\u0131 olu\u015ftu\u011fu&#8217; iddias\u0131yla y\u00fcr\u00fct\u00fclen soru\u015fturma kapsam\u0131nda, 13 ki\u015fi g\u00f6zalt\u0131na al\u0131nd\u0131. Operasyona ili\u015fkin, Ankara Cumhuriyet Ba\u015fsavc\u0131l\u0131\u011f\u0131&#8217;ndan a\u00e7\u0131klama geldi.Son dakika haberi&#8230; Ankara B\u00fcy\u00fck\u015fehir Belediyesi\u2019nin 2021-2024 y\u0131llar\u0131nda d\u00fczenledi\u011fi konserlerde yapt\u0131\u011f\u0131 harcamalarda &#8216;kamu zarar\u0131 olu\u015ftu\u011fu&#8217; iddias\u0131yla y\u00fcr\u00fct\u00fclen soru\u015fturma kapsam\u0131nda, 13 ki\u015fi g\u00f6zalt\u0131na al\u0131nd\u0131. Operasyona ili\u015fkin, Ankara Cumhuriyet Ba\u015fsavc\u0131l\u0131\u011f\u0131&#8217;ndan a\u00e7\u0131klama geldi.\u00a0<a href=\"https:\/\/www.cumhuriyet.com.tr\/turkiye\/son-dakika-ankara-buyuksehir-belediyesi-ne-operasyon-cok-sayida-kisi-icin-gozalti-karari-2437440\" target=\"_blank\" class=\"feedzy-rss-link-icon\">Read More<\/a><\/p>","protected":false},"excerpt":{"rendered":"<p>Son dakika haberi&#8230; Ankara B\u00fcy\u00fck\u015fehir Belediyesi\u2019nin 2021-2024 y\u0131llar\u0131nda d\u00fczenledi\u011fi konserlerde yapt\u0131\u011f\u0131 harcamalarda &#8216;kamu zarar\u0131 olu\u015ftu\u011fu&#8217; iddias\u0131yla y\u00fcr\u00fct\u00fclen soru\u015fturma kapsam\u0131nda, 13 ki\u015fi g\u00f6zalt\u0131na al\u0131nd\u0131. Operasyona ili\u015fkin, Ankara Cumhuriyet Ba\u015fsavc\u0131l\u0131\u011f\u0131&#8217;ndan a\u00e7\u0131klama geldi.Son dakika haberi&#8230; Ankara B\u00fcy\u00fck\u015fehir Belediyesi\u2019nin 2021-2024 y\u0131llar\u0131nda d\u00fczenledi\u011fi konserlerde yapt\u0131\u011f\u0131 harcamalarda &#8216;kamu zarar\u0131 olu\u015ftu\u011fu&#8217; iddias\u0131yla y\u00fcr\u00fct\u00fclen soru\u015fturma kapsam\u0131nda, 13 ki\u015fi g\u00f6zalt\u0131na al\u0131nd\u0131. Operasyona ili\u015fkin, Ankara [&hellip;]<\/p>\n","protected":false},"author":1,"featured_media":6042,"comment_status":"open","ping_status":"open","sticky":false,"template":"","format":"standard","meta":{"footnotes":"","_links_to":"","_links_to_target":""},"categories":[1],"tags":[],"class_list":["post-6041","post","type-post","status-publish","format-standard","has-post-thumbnail","hentry","category-haberler"],"_links":{"self":[{"href":"https:\/\/www.abchukuk.com\/index.php\/wp-json\/wp\/v2\/posts\/6041","targetHints":{"allow":["GET"]}}],"collection":[{"href":"https:\/\/www.abchukuk.com\/index.php\/wp-json\/wp\/v2\/posts"}],"about":[{"href":"https:\/\/www.abchukuk.com\/index.php\/wp-json\/wp\/v2\/types\/post"}],"author":[{"embeddable":true,"href":"https:\/\/www.abchukuk.com\/index.php\/wp-json\/wp\/v2\/users\/1"}],"replies":[{"embeddable":true,"href":"https:\/\/www.abchukuk.com\/index.php\/wp-json\/wp\/v2\/comments?post=6041"}],"version-history":[{"count":0,"href":"https:\/\/www.abchukuk.com\/index.php\/wp-json\/wp\/v2\/posts\/6041\/revisions"}],"wp:featuredmedia":[{"embeddable":true,"href":"https:\/\/www.abchukuk.com\/index.php\/wp-json\/wp\/v2\/media\/6042"}],"wp:attachment":[{"href":"https:\/\/www.abchukuk.com\/index.php\/wp-json\/wp\/v2\/media?parent=6041"}],"wp:term":[{"taxonomy":"category","embeddable":true,"href":"https:\/\/www.abchukuk.com\/index.php\/wp-json\/wp\/v2\/categories?post=6041"},{"taxonomy":"post_tag","embeddable":true,"href":"https:\/\/www.abchukuk.com\/index.php\/wp-json\/wp\/v2\/tags?post=6041"}],"curies":[{"name":"wp","href":"https:\/\/api.w.org\/{rel}","templated":true}]}}