{"id":6035,"date":"2025-09-22T21:48:48","date_gmt":"2025-09-22T21:48:48","guid":{"rendered":"https:\/\/www.abchukuk.com\/index.php\/2025\/09\/22\/yurttaki-taciz-ve-yagmaya-iliskin-4-tutuklama\/"},"modified":"2025-09-22T21:48:48","modified_gmt":"2025-09-22T21:48:48","slug":"yurttaki-taciz-ve-yagmaya-iliskin-4-tutuklama","status":"publish","type":"post","link":"https:\/\/www.abchukuk.com\/index.php\/2025\/09\/22\/yurttaki-taciz-ve-yagmaya-iliskin-4-tutuklama\/","title":{"rendered":"Yurttaki taciz ve ya\u011fmaya ili\u015fkin 4 tutuklama"},"content":{"rendered":"<p>\u0130stanbul&#8217;un Zeytinburnu il\u00e7esinde, Cevizliba\u011f Atat\u00fcrk KYK K\u0131z \u00d6\u011frenci Yurdu&#8217;nda tadilat s\u0131ras\u0131nda \u00f6\u011frencilerin ki\u015fisel e\u015fyalar\u0131na zarar verilmesine ili\u015fkin g\u00f6zalt\u0131na al\u0131nan 6 \u015f\u00fcpheliden 4&#8217;\u00fc &#8220;kamu mal\u0131na zarar verme&#8221; ve &#8220;bina i\u00e7inde muhafaza alt\u0131na al\u0131nan e\u015fya hakk\u0131nda h\u0131rs\u0131zl\u0131k&#8221; su\u00e7lar\u0131ndan tutukland\u0131\u0130stanbul&#8217;un Zeytinburnu il\u00e7esinde, Cevizliba\u011f Atat\u00fcrk KYK K\u0131z \u00d6\u011frenci Yurdu&#8217;nda tadilat s\u0131ras\u0131nda \u00f6\u011frencilerin ki\u015fisel e\u015fyalar\u0131na zarar verilmesine ili\u015fkin g\u00f6zalt\u0131na al\u0131nan 6 \u015f\u00fcpheliden 4&#8217;\u00fc &#8220;kamu mal\u0131na zarar verme&#8221; ve &#8220;bina i\u00e7inde muhafaza alt\u0131na al\u0131nan e\u015fya hakk\u0131nda h\u0131rs\u0131zl\u0131k&#8221; su\u00e7lar\u0131ndan tutukland\u0131\u00a0<a href=\"https:\/\/www.haberturk.com\/istanbul-da-yurttaki-taciz-ve-yagmaya-iliskin-4-supheli-tutuklandi-3824378\" target=\"_blank\" class=\"feedzy-rss-link-icon\">Read More<\/a><\/p>","protected":false},"excerpt":{"rendered":"<p>\u0130stanbul&#8217;un Zeytinburnu il\u00e7esinde, Cevizliba\u011f Atat\u00fcrk KYK K\u0131z \u00d6\u011frenci Yurdu&#8217;nda tadilat s\u0131ras\u0131nda \u00f6\u011frencilerin ki\u015fisel e\u015fyalar\u0131na zarar verilmesine ili\u015fkin g\u00f6zalt\u0131na al\u0131nan 6 \u015f\u00fcpheliden 4&#8217;\u00fc &#8220;kamu mal\u0131na zarar verme&#8221; ve &#8220;bina i\u00e7inde muhafaza alt\u0131na al\u0131nan e\u015fya hakk\u0131nda h\u0131rs\u0131zl\u0131k&#8221; su\u00e7lar\u0131ndan tutukland\u0131\u0130stanbul&#8217;un Zeytinburnu il\u00e7esinde, Cevizliba\u011f Atat\u00fcrk KYK K\u0131z \u00d6\u011frenci Yurdu&#8217;nda tadilat s\u0131ras\u0131nda \u00f6\u011frencilerin ki\u015fisel e\u015fyalar\u0131na zarar verilmesine ili\u015fkin g\u00f6zalt\u0131na al\u0131nan [&hellip;]<\/p>\n","protected":false},"author":1,"featured_media":0,"comment_status":"open","ping_status":"open","sticky":false,"template":"","format":"standard","meta":{"footnotes":"","_links_to":"","_links_to_target":""},"categories":[1],"tags":[],"class_list":["post-6035","post","type-post","status-publish","format-standard","hentry","category-haberler"],"_links":{"self":[{"href":"https:\/\/www.abchukuk.com\/index.php\/wp-json\/wp\/v2\/posts\/6035","targetHints":{"allow":["GET"]}}],"collection":[{"href":"https:\/\/www.abchukuk.com\/index.php\/wp-json\/wp\/v2\/posts"}],"about":[{"href":"https:\/\/www.abchukuk.com\/index.php\/wp-json\/wp\/v2\/types\/post"}],"author":[{"embeddable":true,"href":"https:\/\/www.abchukuk.com\/index.php\/wp-json\/wp\/v2\/users\/1"}],"replies":[{"embeddable":true,"href":"https:\/\/www.abchukuk.com\/index.php\/wp-json\/wp\/v2\/comments?post=6035"}],"version-history":[{"count":0,"href":"https:\/\/www.abchukuk.com\/index.php\/wp-json\/wp\/v2\/posts\/6035\/revisions"}],"wp:attachment":[{"href":"https:\/\/www.abchukuk.com\/index.php\/wp-json\/wp\/v2\/media?parent=6035"}],"wp:term":[{"taxonomy":"category","embeddable":true,"href":"https:\/\/www.abchukuk.com\/index.php\/wp-json\/wp\/v2\/categories?post=6035"},{"taxonomy":"post_tag","embeddable":true,"href":"https:\/\/www.abchukuk.com\/index.php\/wp-json\/wp\/v2\/tags?post=6035"}],"curies":[{"name":"wp","href":"https:\/\/api.w.org\/{rel}","templated":true}]}}