{"id":6032,"date":"2025-09-22T14:21:31","date_gmt":"2025-09-22T14:21:31","guid":{"rendered":"https:\/\/www.abchukuk.com\/index.php\/2025\/09\/22\/adalet-bakanligi-promosyon-odemesi-ne-zaman-yatacak\/"},"modified":"2025-09-22T14:21:31","modified_gmt":"2025-09-22T14:21:31","slug":"adalet-bakanligi-promosyon-odemesi-ne-zaman-yatacak","status":"publish","type":"post","link":"https:\/\/www.abchukuk.com\/index.php\/2025\/09\/22\/adalet-bakanligi-promosyon-odemesi-ne-zaman-yatacak\/","title":{"rendered":"Adalet Bakanl\u0131\u011f\u0131 promosyon \u00f6demesi ne zaman yatacak?"},"content":{"rendered":"<p>Vak\u0131fbank ile anla\u015fma sa\u011flayan Adalet Bakanl\u0131\u011f\u0131, maa\u015f promosyonunun yan\u0131 s\u0131ra \u00e7al\u0131\u015fanlara faizsiz kredi imkan\u0131 sunulaca\u011f\u0131n\u0131 a\u00e7\u0131klad\u0131. Adalet Bakanl\u0131\u011f\u0131 promosyon \u00f6demesinin yap\u0131laca\u011f\u0131 tarih merak konusu oldu. Yap\u0131lan anla\u015fman\u0131n 3 y\u0131l ge\u00e7erli olaca\u011f\u0131 biliniyor. Peki Adalet Bakanl\u0131\u011f\u0131 promosyon \u00f6demesi ne zaman yatacak, hangi tarihte?Vak\u0131fbank ile anla\u015fma sa\u011flayan Adalet Bakanl\u0131\u011f\u0131, maa\u015f promosyonunun yan\u0131 s\u0131ra \u00e7al\u0131\u015fanlara faizsiz kredi imkan\u0131 sunulaca\u011f\u0131n\u0131 a\u00e7\u0131klad\u0131. Adalet Bakanl\u0131\u011f\u0131 promosyon \u00f6demesinin yap\u0131laca\u011f\u0131 tarih merak konusu oldu. Yap\u0131lan anla\u015fman\u0131n 3 y\u0131l ge\u00e7erli olaca\u011f\u0131 biliniyor. Peki Adalet Bakanl\u0131\u011f\u0131 promosyon \u00f6demesi ne zaman yatacak, hangi tarihte?\u00a0<a href=\"https:\/\/www.haberturk.com\/adalet-bakanligi-promosyon-odemesi-ne-zaman-yatacak-adalet-bakanligi-promosyonu-ne-kadar-3824221\" target=\"_blank\" class=\"feedzy-rss-link-icon\">Read More<\/a><\/p>","protected":false},"excerpt":{"rendered":"<p>Vak\u0131fbank ile anla\u015fma sa\u011flayan Adalet Bakanl\u0131\u011f\u0131, maa\u015f promosyonunun yan\u0131 s\u0131ra \u00e7al\u0131\u015fanlara faizsiz kredi imkan\u0131 sunulaca\u011f\u0131n\u0131 a\u00e7\u0131klad\u0131. Adalet Bakanl\u0131\u011f\u0131 promosyon \u00f6demesinin yap\u0131laca\u011f\u0131 tarih merak konusu oldu. Yap\u0131lan anla\u015fman\u0131n 3 y\u0131l ge\u00e7erli olaca\u011f\u0131 biliniyor. Peki Adalet Bakanl\u0131\u011f\u0131 promosyon \u00f6demesi ne zaman yatacak, hangi tarihte?Vak\u0131fbank ile anla\u015fma sa\u011flayan Adalet Bakanl\u0131\u011f\u0131, maa\u015f promosyonunun yan\u0131 s\u0131ra \u00e7al\u0131\u015fanlara faizsiz kredi imkan\u0131 [&hellip;]<\/p>\n","protected":false},"author":1,"featured_media":0,"comment_status":"open","ping_status":"open","sticky":false,"template":"","format":"standard","meta":{"footnotes":"","_links_to":"","_links_to_target":""},"categories":[1],"tags":[],"class_list":["post-6032","post","type-post","status-publish","format-standard","hentry","category-haberler"],"_links":{"self":[{"href":"https:\/\/www.abchukuk.com\/index.php\/wp-json\/wp\/v2\/posts\/6032","targetHints":{"allow":["GET"]}}],"collection":[{"href":"https:\/\/www.abchukuk.com\/index.php\/wp-json\/wp\/v2\/posts"}],"about":[{"href":"https:\/\/www.abchukuk.com\/index.php\/wp-json\/wp\/v2\/types\/post"}],"author":[{"embeddable":true,"href":"https:\/\/www.abchukuk.com\/index.php\/wp-json\/wp\/v2\/users\/1"}],"replies":[{"embeddable":true,"href":"https:\/\/www.abchukuk.com\/index.php\/wp-json\/wp\/v2\/comments?post=6032"}],"version-history":[{"count":0,"href":"https:\/\/www.abchukuk.com\/index.php\/wp-json\/wp\/v2\/posts\/6032\/revisions"}],"wp:attachment":[{"href":"https:\/\/www.abchukuk.com\/index.php\/wp-json\/wp\/v2\/media?parent=6032"}],"wp:term":[{"taxonomy":"category","embeddable":true,"href":"https:\/\/www.abchukuk.com\/index.php\/wp-json\/wp\/v2\/categories?post=6032"},{"taxonomy":"post_tag","embeddable":true,"href":"https:\/\/www.abchukuk.com\/index.php\/wp-json\/wp\/v2\/tags?post=6032"}],"curies":[{"name":"wp","href":"https:\/\/api.w.org\/{rel}","templated":true}]}}