{"id":6030,"date":"2025-09-22T16:28:21","date_gmt":"2025-09-22T16:28:21","guid":{"rendered":"https:\/\/www.abchukuk.com\/index.php\/2025\/09\/22\/bayrampasa-belediye-baskanligi-oylamasina-iliskin-ak-parti-hukuki-surec-baslatti\/"},"modified":"2025-09-22T16:28:21","modified_gmt":"2025-09-22T16:28:21","slug":"bayrampasa-belediye-baskanligi-oylamasina-iliskin-ak-parti-hukuki-surec-baslatti","status":"publish","type":"post","link":"https:\/\/www.abchukuk.com\/index.php\/2025\/09\/22\/bayrampasa-belediye-baskanligi-oylamasina-iliskin-ak-parti-hukuki-surec-baslatti\/","title":{"rendered":"Bayrampa\u015fa Belediye Ba\u015fkanl\u0131\u011f\u0131 oylamas\u0131na ili\u015fkin AK Parti hukuki s\u00fcre\u00e7 ba\u015flatt\u0131"},"content":{"rendered":"<p>Bayrampa\u015fa Belediye Meclisi, yolsuzluk soru\u015fturmas\u0131 kapsam\u0131nda tutuklanan ve g\u00f6revden uzakla\u015ft\u0131r\u0131lan Hasan Mutlu&#8217;nun yerine Ba\u015fkan vekili se\u00e7mek i\u00e7in belediye meclisinde yap\u0131lan oylamada usuls\u00fczl\u00fck yap\u0131ld\u0131\u011f\u0131n\u0131 dile getiren AK Parti, Bayrampa\u015fa\u2019da hukuki s\u00fcreci ba\u015flatt\u0131klar\u0131n\u0131 duyurdu.Bayrampa\u015fa Belediye Meclisi, yolsuzluk soru\u015fturmas\u0131 kapsam\u0131nda tutuklanan ve g\u00f6revden uzakla\u015ft\u0131r\u0131lan Hasan Mutlu&#8217;nun yerine Ba\u015fkan vekili se\u00e7mek i\u00e7in belediye meclisinde yap\u0131lan oylamada usuls\u00fczl\u00fck yap\u0131ld\u0131\u011f\u0131n\u0131 dile getiren AK Parti, Bayrampa\u015fa\u2019da hukuki s\u00fcreci ba\u015flatt\u0131klar\u0131n\u0131 duyurdu.\u00a0<a href=\"https:\/\/www.haberturk.com\/bayrampasa-belediye-baskanligi-oylamasina-iliskin-ak-parti-hukuki-surec-baslatti-3824317\" target=\"_blank\" class=\"feedzy-rss-link-icon\">Read More<\/a><\/p>","protected":false},"excerpt":{"rendered":"<p>Bayrampa\u015fa Belediye Meclisi, yolsuzluk soru\u015fturmas\u0131 kapsam\u0131nda tutuklanan ve g\u00f6revden uzakla\u015ft\u0131r\u0131lan Hasan Mutlu&#8217;nun yerine Ba\u015fkan vekili se\u00e7mek i\u00e7in belediye meclisinde yap\u0131lan oylamada usuls\u00fczl\u00fck yap\u0131ld\u0131\u011f\u0131n\u0131 dile getiren AK Parti, Bayrampa\u015fa\u2019da hukuki s\u00fcreci ba\u015flatt\u0131klar\u0131n\u0131 duyurdu.Bayrampa\u015fa Belediye Meclisi, yolsuzluk soru\u015fturmas\u0131 kapsam\u0131nda tutuklanan ve g\u00f6revden uzakla\u015ft\u0131r\u0131lan Hasan Mutlu&#8217;nun yerine Ba\u015fkan vekili se\u00e7mek i\u00e7in belediye meclisinde yap\u0131lan oylamada usuls\u00fczl\u00fck yap\u0131ld\u0131\u011f\u0131n\u0131 dile [&hellip;]<\/p>\n","protected":false},"author":1,"featured_media":0,"comment_status":"open","ping_status":"open","sticky":false,"template":"","format":"standard","meta":{"footnotes":"","_links_to":"","_links_to_target":""},"categories":[1],"tags":[],"class_list":["post-6030","post","type-post","status-publish","format-standard","hentry","category-haberler"],"_links":{"self":[{"href":"https:\/\/www.abchukuk.com\/index.php\/wp-json\/wp\/v2\/posts\/6030","targetHints":{"allow":["GET"]}}],"collection":[{"href":"https:\/\/www.abchukuk.com\/index.php\/wp-json\/wp\/v2\/posts"}],"about":[{"href":"https:\/\/www.abchukuk.com\/index.php\/wp-json\/wp\/v2\/types\/post"}],"author":[{"embeddable":true,"href":"https:\/\/www.abchukuk.com\/index.php\/wp-json\/wp\/v2\/users\/1"}],"replies":[{"embeddable":true,"href":"https:\/\/www.abchukuk.com\/index.php\/wp-json\/wp\/v2\/comments?post=6030"}],"version-history":[{"count":0,"href":"https:\/\/www.abchukuk.com\/index.php\/wp-json\/wp\/v2\/posts\/6030\/revisions"}],"wp:attachment":[{"href":"https:\/\/www.abchukuk.com\/index.php\/wp-json\/wp\/v2\/media?parent=6030"}],"wp:term":[{"taxonomy":"category","embeddable":true,"href":"https:\/\/www.abchukuk.com\/index.php\/wp-json\/wp\/v2\/categories?post=6030"},{"taxonomy":"post_tag","embeddable":true,"href":"https:\/\/www.abchukuk.com\/index.php\/wp-json\/wp\/v2\/tags?post=6030"}],"curies":[{"name":"wp","href":"https:\/\/api.w.org\/{rel}","templated":true}]}}