{"id":6028,"date":"2025-09-22T18:40:38","date_gmt":"2025-09-22T18:40:38","guid":{"rendered":"https:\/\/www.abchukuk.com\/index.php\/2025\/09\/22\/soydemir-ve-akgunduz-hakkinda-gozalti-karari\/"},"modified":"2025-09-22T18:40:38","modified_gmt":"2025-09-22T18:40:38","slug":"soydemir-ve-akgunduz-hakkinda-gozalti-karari","status":"publish","type":"post","link":"https:\/\/www.abchukuk.com\/index.php\/2025\/09\/22\/soydemir-ve-akgunduz-hakkinda-gozalti-karari\/","title":{"rendered":"Soydemir ve Akg\u00fcnd\u00fcz hakk\u0131nda g\u00f6zalt\u0131 karar\u0131"},"content":{"rendered":"<p>\u0130stanbul Cumhuriyet Ba\u015fsavc\u0131l\u0131\u011f\u0131, programda \u201c\u0130\u00e7ki t\u00fcm k\u00f6t\u00fcl\u00fcklerin anas\u0131d\u0131r\u201d hadisine ili\u015fkin yorumlar nedeniyle Hz. Muhammed \u00fczerinden \u201chalk\u0131 tahrik edici ve nefret s\u00f6ylemine y\u00f6nlendirici\u201d ifadeler kullan\u0131ld\u0131\u011f\u0131 iddias\u0131yla soru\u015fturma ba\u015flatt\u0131. Sunucu Bo\u011fa\u00e7 Soydemir ve konuk Enes Akg\u00fcnd\u00fcz hakk\u0131nda g\u00f6zalt\u0131 karar\u0131 verildi\u0130stanbul Cumhuriyet Ba\u015fsavc\u0131l\u0131\u011f\u0131, programda \u201c\u0130\u00e7ki t\u00fcm k\u00f6t\u00fcl\u00fcklerin anas\u0131d\u0131r\u201d hadisine ili\u015fkin yorumlar nedeniyle Hz. Muhammed \u00fczerinden \u201chalk\u0131 tahrik edici ve nefret s\u00f6ylemine y\u00f6nlendirici\u201d ifadeler kullan\u0131ld\u0131\u011f\u0131 iddias\u0131yla soru\u015fturma ba\u015flatt\u0131. Sunucu Bo\u011fa\u00e7 Soydemir ve konuk Enes Akg\u00fcnd\u00fcz hakk\u0131nda g\u00f6zalt\u0131 karar\u0131 verildi\u00a0<a href=\"https:\/\/www.haberturk.com\/youtubedaki-soguk-savas-programina-sorusturma-sunucu-ve-konuguna-gozalti-karari-3824342\" target=\"_blank\" class=\"feedzy-rss-link-icon\">Read More<\/a><\/p>","protected":false},"excerpt":{"rendered":"<p>\u0130stanbul Cumhuriyet Ba\u015fsavc\u0131l\u0131\u011f\u0131, programda \u201c\u0130\u00e7ki t\u00fcm k\u00f6t\u00fcl\u00fcklerin anas\u0131d\u0131r\u201d hadisine ili\u015fkin yorumlar nedeniyle Hz. Muhammed \u00fczerinden \u201chalk\u0131 tahrik edici ve nefret s\u00f6ylemine y\u00f6nlendirici\u201d ifadeler kullan\u0131ld\u0131\u011f\u0131 iddias\u0131yla soru\u015fturma ba\u015flatt\u0131. Sunucu Bo\u011fa\u00e7 Soydemir ve konuk Enes Akg\u00fcnd\u00fcz hakk\u0131nda g\u00f6zalt\u0131 karar\u0131 verildi\u0130stanbul Cumhuriyet Ba\u015fsavc\u0131l\u0131\u011f\u0131, programda \u201c\u0130\u00e7ki t\u00fcm k\u00f6t\u00fcl\u00fcklerin anas\u0131d\u0131r\u201d hadisine ili\u015fkin yorumlar nedeniyle Hz. Muhammed \u00fczerinden \u201chalk\u0131 tahrik edici [&hellip;]<\/p>\n","protected":false},"author":1,"featured_media":0,"comment_status":"open","ping_status":"open","sticky":false,"template":"","format":"standard","meta":{"footnotes":"","_links_to":"","_links_to_target":""},"categories":[1],"tags":[],"class_list":["post-6028","post","type-post","status-publish","format-standard","hentry","category-haberler"],"_links":{"self":[{"href":"https:\/\/www.abchukuk.com\/index.php\/wp-json\/wp\/v2\/posts\/6028","targetHints":{"allow":["GET"]}}],"collection":[{"href":"https:\/\/www.abchukuk.com\/index.php\/wp-json\/wp\/v2\/posts"}],"about":[{"href":"https:\/\/www.abchukuk.com\/index.php\/wp-json\/wp\/v2\/types\/post"}],"author":[{"embeddable":true,"href":"https:\/\/www.abchukuk.com\/index.php\/wp-json\/wp\/v2\/users\/1"}],"replies":[{"embeddable":true,"href":"https:\/\/www.abchukuk.com\/index.php\/wp-json\/wp\/v2\/comments?post=6028"}],"version-history":[{"count":0,"href":"https:\/\/www.abchukuk.com\/index.php\/wp-json\/wp\/v2\/posts\/6028\/revisions"}],"wp:attachment":[{"href":"https:\/\/www.abchukuk.com\/index.php\/wp-json\/wp\/v2\/media?parent=6028"}],"wp:term":[{"taxonomy":"category","embeddable":true,"href":"https:\/\/www.abchukuk.com\/index.php\/wp-json\/wp\/v2\/categories?post=6028"},{"taxonomy":"post_tag","embeddable":true,"href":"https:\/\/www.abchukuk.com\/index.php\/wp-json\/wp\/v2\/tags?post=6028"}],"curies":[{"name":"wp","href":"https:\/\/api.w.org\/{rel}","templated":true}]}}