{"id":6026,"date":"2025-09-22T20:46:00","date_gmt":"2025-09-22T20:46:00","guid":{"rendered":"https:\/\/www.abchukuk.com\/index.php\/2025\/09\/22\/bogac-soydemir-kimdir-soguk-savas-programi-sunucusu-bogac-soydemir-hakkinda-neden-gozalti-karari-verildi\/"},"modified":"2025-09-22T20:46:00","modified_gmt":"2025-09-22T20:46:00","slug":"bogac-soydemir-kimdir-soguk-savas-programi-sunucusu-bogac-soydemir-hakkinda-neden-gozalti-karari-verildi","status":"publish","type":"post","link":"https:\/\/www.abchukuk.com\/index.php\/2025\/09\/22\/bogac-soydemir-kimdir-soguk-savas-programi-sunucusu-bogac-soydemir-hakkinda-neden-gozalti-karari-verildi\/","title":{"rendered":"Bo\u011fa\u00e7 Soydemir kimdir? So\u011fuk Sava\u015f program\u0131 sunucusu Bo\u011fa\u00e7 Soydemir hakk\u0131nda neden g\u00f6zalt\u0131 karar\u0131 verildi?"},"content":{"rendered":"<p>So\u011fuk Sava\u015f program\u0131 sunucusu Bo\u011fa\u00e7 Soydemir hakk\u0131nda g\u00f6zalt\u0131 karar\u0131 verildi. Peki, Bo\u011fa\u00e7 Soydemir kimdir? So\u011fuk Sava\u015f program\u0131 sunucusu Bo\u011fa\u00e7 Soydemir hakk\u0131nda neden g\u00f6zalt\u0131 karar\u0131 verildi?So\u011fuk Sava\u015f program\u0131 sunucusu Bo\u011fa\u00e7 Soydemir hakk\u0131nda g\u00f6zalt\u0131 karar\u0131 verildi. Peki, Bo\u011fa\u00e7 Soydemir kimdir? So\u011fuk Sava\u015f program\u0131 sunucusu Bo\u011fa\u00e7 Soydemir hakk\u0131nda neden g\u00f6zalt\u0131 karar\u0131 verildi?\u00a0<a href=\"https:\/\/www.cumhuriyet.com.tr\/yasam\/bogac-soydemir-kimdir-soguk-savas-programi-sunucusu-bogac-soydemir-hakkinda-neden-gozalti-karari-verildi-2437418\" target=\"_blank\" class=\"feedzy-rss-link-icon\">Read More<\/a><\/p>","protected":false},"excerpt":{"rendered":"<p>So\u011fuk Sava\u015f program\u0131 sunucusu Bo\u011fa\u00e7 Soydemir hakk\u0131nda g\u00f6zalt\u0131 karar\u0131 verildi. Peki, Bo\u011fa\u00e7 Soydemir kimdir? So\u011fuk Sava\u015f program\u0131 sunucusu Bo\u011fa\u00e7 Soydemir hakk\u0131nda neden g\u00f6zalt\u0131 karar\u0131 verildi?So\u011fuk Sava\u015f program\u0131 sunucusu Bo\u011fa\u00e7 Soydemir hakk\u0131nda g\u00f6zalt\u0131 karar\u0131 verildi. Peki, Bo\u011fa\u00e7 Soydemir kimdir? So\u011fuk Sava\u015f program\u0131 sunucusu Bo\u011fa\u00e7 Soydemir hakk\u0131nda neden g\u00f6zalt\u0131 karar\u0131 verildi?\u00a0Read More<\/p>\n","protected":false},"author":1,"featured_media":6027,"comment_status":"open","ping_status":"open","sticky":false,"template":"","format":"standard","meta":{"footnotes":"","_links_to":"","_links_to_target":""},"categories":[1],"tags":[],"class_list":["post-6026","post","type-post","status-publish","format-standard","has-post-thumbnail","hentry","category-haberler"],"_links":{"self":[{"href":"https:\/\/www.abchukuk.com\/index.php\/wp-json\/wp\/v2\/posts\/6026","targetHints":{"allow":["GET"]}}],"collection":[{"href":"https:\/\/www.abchukuk.com\/index.php\/wp-json\/wp\/v2\/posts"}],"about":[{"href":"https:\/\/www.abchukuk.com\/index.php\/wp-json\/wp\/v2\/types\/post"}],"author":[{"embeddable":true,"href":"https:\/\/www.abchukuk.com\/index.php\/wp-json\/wp\/v2\/users\/1"}],"replies":[{"embeddable":true,"href":"https:\/\/www.abchukuk.com\/index.php\/wp-json\/wp\/v2\/comments?post=6026"}],"version-history":[{"count":0,"href":"https:\/\/www.abchukuk.com\/index.php\/wp-json\/wp\/v2\/posts\/6026\/revisions"}],"wp:featuredmedia":[{"embeddable":true,"href":"https:\/\/www.abchukuk.com\/index.php\/wp-json\/wp\/v2\/media\/6027"}],"wp:attachment":[{"href":"https:\/\/www.abchukuk.com\/index.php\/wp-json\/wp\/v2\/media?parent=6026"}],"wp:term":[{"taxonomy":"category","embeddable":true,"href":"https:\/\/www.abchukuk.com\/index.php\/wp-json\/wp\/v2\/categories?post=6026"},{"taxonomy":"post_tag","embeddable":true,"href":"https:\/\/www.abchukuk.com\/index.php\/wp-json\/wp\/v2\/tags?post=6026"}],"curies":[{"name":"wp","href":"https:\/\/api.w.org\/{rel}","templated":true}]}}