{"id":6019,"date":"2025-09-22T18:43:04","date_gmt":"2025-09-22T18:43:04","guid":{"rendered":"https:\/\/www.abchukuk.com\/index.php\/2025\/09\/22\/soguk-savasin-sunucusu-ve-konuguna-gozalti-karari\/"},"modified":"2025-09-22T18:43:04","modified_gmt":"2025-09-22T18:43:04","slug":"soguk-savasin-sunucusu-ve-konuguna-gozalti-karari","status":"publish","type":"post","link":"https:\/\/www.abchukuk.com\/index.php\/2025\/09\/22\/soguk-savasin-sunucusu-ve-konuguna-gozalti-karari\/","title":{"rendered":"So\u011fuk Sava\u015f&#8217;\u0131n sunucusu ve konu\u011funa g\u00f6zalt\u0131 karar\u0131"},"content":{"rendered":"<p>\u0130stanbul Ba\u015fsavc\u0131l\u0131\u011f\u0131, So\u011fuk Sava\u015f isimli bir programda yap\u0131lan \u015faka nedeniyle &#8216;\u0130\u00e7ki t\u00fcm k\u00f6t\u00fcl\u00fcklerin anas\u0131d\u0131r&#8217; c\u00fcmlesinin hadis olmas\u0131 gerek\u00e7esiyle re\u2019sen soru\u015fturma ba\u015flatt\u0131; sunucu Bo\u011fa\u00e7 Soydemir ve konu\u011fu Enes Akg\u00fcnd\u00fcz hakk\u0131nda g\u00f6zalt\u0131 karar\u0131 verildi.\u0130stanbul Ba\u015fsavc\u0131l\u0131\u011f\u0131, So\u011fuk Sava\u015f isimli bir programda yap\u0131lan \u015faka nedeniyle &#8216;\u0130\u00e7ki t\u00fcm k\u00f6t\u00fcl\u00fcklerin anas\u0131d\u0131r&#8217; c\u00fcmlesinin hadis olmas\u0131 gerek\u00e7esiyle re\u2019sen soru\u015fturma ba\u015flatt\u0131; sunucu Bo\u011fa\u00e7 Soydemir ve konu\u011fu Enes Akg\u00fcnd\u00fcz hakk\u0131nda g\u00f6zalt\u0131 karar\u0131 verildi.\u00a0<a href=\"https:\/\/anlatilaninotesi.com.tr\/20250922\/soguk-savasin-sunucusu-ve-konuguna-gozalti-karari-1099581226.html\" target=\"_blank\" class=\"feedzy-rss-link-icon\">Read More<\/a><\/p>","protected":false},"excerpt":{"rendered":"<p>\u0130stanbul Ba\u015fsavc\u0131l\u0131\u011f\u0131, So\u011fuk Sava\u015f isimli bir programda yap\u0131lan \u015faka nedeniyle &#8216;\u0130\u00e7ki t\u00fcm k\u00f6t\u00fcl\u00fcklerin anas\u0131d\u0131r&#8217; c\u00fcmlesinin hadis olmas\u0131 gerek\u00e7esiyle re\u2019sen soru\u015fturma ba\u015flatt\u0131; sunucu Bo\u011fa\u00e7 Soydemir ve konu\u011fu Enes Akg\u00fcnd\u00fcz hakk\u0131nda g\u00f6zalt\u0131 karar\u0131 verildi.\u0130stanbul Ba\u015fsavc\u0131l\u0131\u011f\u0131, So\u011fuk Sava\u015f isimli bir programda yap\u0131lan \u015faka nedeniyle &#8216;\u0130\u00e7ki t\u00fcm k\u00f6t\u00fcl\u00fcklerin anas\u0131d\u0131r&#8217; c\u00fcmlesinin hadis olmas\u0131 gerek\u00e7esiyle re\u2019sen soru\u015fturma ba\u015flatt\u0131; sunucu Bo\u011fa\u00e7 Soydemir [&hellip;]<\/p>\n","protected":false},"author":1,"featured_media":0,"comment_status":"open","ping_status":"open","sticky":false,"template":"","format":"standard","meta":{"footnotes":"","_links_to":"","_links_to_target":""},"categories":[1],"tags":[],"class_list":["post-6019","post","type-post","status-publish","format-standard","hentry","category-haberler"],"_links":{"self":[{"href":"https:\/\/www.abchukuk.com\/index.php\/wp-json\/wp\/v2\/posts\/6019","targetHints":{"allow":["GET"]}}],"collection":[{"href":"https:\/\/www.abchukuk.com\/index.php\/wp-json\/wp\/v2\/posts"}],"about":[{"href":"https:\/\/www.abchukuk.com\/index.php\/wp-json\/wp\/v2\/types\/post"}],"author":[{"embeddable":true,"href":"https:\/\/www.abchukuk.com\/index.php\/wp-json\/wp\/v2\/users\/1"}],"replies":[{"embeddable":true,"href":"https:\/\/www.abchukuk.com\/index.php\/wp-json\/wp\/v2\/comments?post=6019"}],"version-history":[{"count":0,"href":"https:\/\/www.abchukuk.com\/index.php\/wp-json\/wp\/v2\/posts\/6019\/revisions"}],"wp:attachment":[{"href":"https:\/\/www.abchukuk.com\/index.php\/wp-json\/wp\/v2\/media?parent=6019"}],"wp:term":[{"taxonomy":"category","embeddable":true,"href":"https:\/\/www.abchukuk.com\/index.php\/wp-json\/wp\/v2\/categories?post=6019"},{"taxonomy":"post_tag","embeddable":true,"href":"https:\/\/www.abchukuk.com\/index.php\/wp-json\/wp\/v2\/tags?post=6019"}],"curies":[{"name":"wp","href":"https:\/\/api.w.org\/{rel}","templated":true}]}}