{"id":6016,"date":"2025-09-22T16:12:04","date_gmt":"2025-09-22T16:12:04","guid":{"rendered":"https:\/\/www.abchukuk.com\/index.php\/2025\/09\/22\/dogudan-guneye-4-bin-kilometrelik-denetimli-serbestlik-ziyareti\/"},"modified":"2025-09-22T16:12:04","modified_gmt":"2025-09-22T16:12:04","slug":"dogudan-guneye-4-bin-kilometrelik-denetimli-serbestlik-ziyareti","status":"publish","type":"post","link":"https:\/\/www.abchukuk.com\/index.php\/2025\/09\/22\/dogudan-guneye-4-bin-kilometrelik-denetimli-serbestlik-ziyareti\/","title":{"rendered":"Do\u011fudan G\u00fcneye 4 bin kilometrelik denetimli serbestlik ziyareti"},"content":{"rendered":"<p class=\"p1\">Denetimli Serbestlik Daire Ba\u015fkan\u0131 Dr. H\u00fcseyin \u015e\u0131k\u2019\u0131n ba\u015fkanl\u0131\u011f\u0131nda y\u00fcr\u00fct\u00fclen ziyaretlerde, adaletin sahadaki i\u015fleyi\u015fi ve uygulamalar\u0131n g\u00fc\u00e7lendirilmesine y\u00f6nelik \u00e7al\u0131\u015fmalar yerinde incelendi.<\/p>\n<p>\u00a0<\/p>\n<p class=\"p1\"><span class=\"s2\"><img fetchpriority=\"high\" decoding=\"async\" class=\"alignnone size-large wp-image-163159\" src=\"https:\/\/www.son.tv\/wp-content\/uploads\/2025\/09\/e2556eed-314d-43ab-b061-faa33fd678ed-1024x768.jpeg\" alt=\"\" width=\"1024\" height=\"768\" \/><br \/>\n16 \u0130L, 9 \u0130L\u00c7E, 4 B\u0130N K\u0130LOMETRE<\/span><\/p>\n<p class=\"p1\"><span class=\"s1\">Yolculuk; Erzurum, Ardahan, Kars, I\u011fd\u0131r, A\u011fr\u0131, Van, Hakk\u00e2ri, \u015e\u0131rnak, Mardin, \u015eanl\u0131urfa, Diyarbak\u0131r, Batman, Siirt, Bitlis, Mu\u015f ve Bing\u00f6l illerinde; Oltu, Do\u011fubayaz\u0131t, Patnos, Erci\u015f, Y\u00fcksekova, Cizre, Midyat ve Siverek il\u00e7elerinde ger\u00e7ekle\u015ftirildi. Erzurum\u2019un Paland\u00f6ken zirvesinden Van G\u00f6l\u00fc\u2019n\u00fcn mavili\u011fine, A\u011fr\u0131 Da\u011f\u0131\u2019n\u0131n g\u00f6rkeminden Cudi Da\u011f\u0131\u2019n\u0131n heybetine kadar pek \u00e7ok farkl\u0131 co\u011frafya ziyaretlerde \u00f6ne \u00e7\u0131kt\u0131.<\/span><\/p>\n<p><img decoding=\"async\" class=\"alignnone size-large wp-image-163155\" src=\"https:\/\/www.son.tv\/wp-content\/uploads\/2025\/09\/IMG_0072-1024x602.jpeg\" alt=\"\" width=\"1024\" height=\"602\" \/><\/p>\n<p class=\"p1\"><span class=\"s2\">TAR\u0130H VE K\u00dcLT\u00dcRLE \u0130\u00c7 \u0130\u00c7E<\/span><\/p>\n<p class=\"p1\"><span class=\"s1\">Ziyaretler s\u0131ras\u0131nda Van\u2019da kadim medeniyetlerin izleri, Hakk\u00e2ri\u2019de Zap Vadisi\u2019nin do\u011fal g\u00fczelli\u011fi, Cizre\u2019de K\u0131rm\u0131z\u0131 Medrese\u2019nin tarihi, Mardin\u2019de \u00e7ok k\u00fclt\u00fcrl\u00fcl\u00fc\u011f\u00fcn simgesi ta\u015f evler, Diyarbak\u0131r\u2019da surlar ve Dicle Nehri, Batman\u2019da Hasankeyf\u2019in sessizli\u011fi, Bitlis\u2019in Nemrut Da\u011f\u0131, Mu\u015f Ovas\u0131 ve Bing\u00f6l da\u011flar\u0131n\u0131n karde\u015flik ruhu \u00f6ne \u00e7\u0131kt\u0131.<\/span><\/p>\n<p><img decoding=\"async\" class=\"alignnone size-large wp-image-163157\" src=\"https:\/\/www.son.tv\/wp-content\/uploads\/2025\/09\/eb09a2c6-b792-4a64-846c-9b46b48e4aaa-1024x768.jpeg\" alt=\"\" width=\"1024\" height=\"768\" \/><\/p>\n<p class=\"p1\"><span class=\"s2\">\u201cGELECE\u011eE Y\u00dcR\u00dcYORUZ\u201d<\/span><\/p>\n<p class=\"p1\"><span class=\"s1\">Denetimli Serbestlik Daire Ba\u015fkan\u0131 Dr. H\u00fcseyin \u015e\u0131k, yolculu\u011fun yaln\u0131zca bir seyahat de\u011fil, gelece\u011fe uzanan adalet yolunun canl\u0131 bir par\u00e7as\u0131 oldu\u011funa dikkat \u00e7ekti. 20 y\u0131ll\u0131k birikimin sahadaki uygulamalarla daha da g\u00fc\u00e7lendi\u011fini belirtti.<\/span><\/p>\n<p><img loading=\"lazy\" decoding=\"async\" loading=\"lazy\" class=\"alignnone size-large wp-image-163158\" src=\"https:\/\/www.son.tv\/wp-content\/uploads\/2025\/09\/66b4b10c-04df-43a5-8e6a-ba60adffd1a3-1024x888.jpeg\" alt=\"\" width=\"1024\" height=\"888\" \/><\/p>\n<p class=\"p1\"><span class=\"s1\">Ba\u015fkan \u015e\u0131k, Adaletin sahadaki canl\u0131 nefesi olarak nitelendirilen bu b\u00fcy\u00fck y\u00fcr\u00fcy\u00fc\u015f\u00fcn, denetimli serbestlik ailesinin kararl\u0131l\u0131\u011f\u0131yla gelece\u011fe ta\u015f\u0131naca\u011f\u0131n\u0131 ve ayn\u0131 inan\u00e7la T\u00fcrkiye\u2019nin d\u00f6rt bir yan\u0131nda devam edece\u011fini vurgulad\u0131.<\/span><\/p>\n<p><img loading=\"lazy\" decoding=\"async\" loading=\"lazy\" class=\"alignnone size-large wp-image-163161\" src=\"https:\/\/www.son.tv\/wp-content\/uploads\/2025\/09\/46116793-7018-4897-9d4d-7d0959c84dc2-1024x683.jpeg\" alt=\"\" width=\"1024\" height=\"683\" \/> <img loading=\"lazy\" decoding=\"async\" loading=\"lazy\" class=\"alignnone size-large wp-image-163162\" src=\"https:\/\/www.son.tv\/wp-content\/uploads\/2025\/09\/ebd94d0b-51e7-417d-bc3f-01dd18273cd8.jpeg\" alt=\"\" width=\"950\" height=\"636\" \/> <img loading=\"lazy\" decoding=\"async\" loading=\"lazy\" class=\"alignnone size-large wp-image-163163\" src=\"https:\/\/www.son.tv\/wp-content\/uploads\/2025\/09\/96d79d4d-72f3-4ba6-b33a-d7a0d3b3e7fe-1024x768.jpeg\" alt=\"\" width=\"1024\" height=\"768\" \/><\/p>\n<p><img loading=\"lazy\" decoding=\"async\" loading=\"lazy\" class=\"alignnone size-large wp-image-163160\" src=\"https:\/\/www.son.tv\/wp-content\/uploads\/2025\/09\/b70140d0-836a-4e5a-92e7-baa0f977a7f7-1024x768.jpeg\" alt=\"\" width=\"1024\" height=\"768\" \/><\/p>\n<p>Adalet Bakan\u0131 Y\u0131lmaz Tun\u00e7\u2019un deste\u011fi ve Ceza ve Tevkifevleri Genel M\u00fcd\u00fcr\u00fc Enis Yavuz Y\u0131ld\u0131r\u0131m\u2019\u0131n \u00f6nc\u00fcl\u00fc\u011f\u00fcnde, Denetimli Serbestlik Daire Ba\u015fkan\u0131 Dr. H\u00fcseyin \u015e\u0131k ba\u015fkanl\u0131\u011f\u0131ndaki ekip taraf\u0131ndan ger\u00e7ekle\u015ftirilen denetimli serbestlik yolculu\u011fu, 6 g\u00fcn boyunca 4 bin kilometrelik g\u00fczerg\u00e2hta 16 il ve 9 il\u00e7eyi kapsad\u0131. Bu kapsamda 25 Cumhuriyet Ba\u015fsavc\u0131l\u0131\u011f\u0131 ve 25 Denetimli Serbestlik M\u00fcd\u00fcrl\u00fc\u011f\u00fc sahada yerinde ziyaret edildi.\u00a0<a href=\"https:\/\/www.son.tv\/dogudan-guneye-4-bin-kilometrelik-denetimli-serbestlik-ziyareti\/\" target=\"_blank\" class=\"feedzy-rss-link-icon\">Read More<\/a><\/p>","protected":false},"excerpt":{"rendered":"<p>Denetimli Serbestlik Daire Ba\u015fkan\u0131 Dr. H\u00fcseyin \u015e\u0131k\u2019\u0131n ba\u015fkanl\u0131\u011f\u0131nda y\u00fcr\u00fct\u00fclen ziyaretlerde, adaletin sahadaki i\u015fleyi\u015fi ve uygulamalar\u0131n g\u00fc\u00e7lendirilmesine y\u00f6nelik \u00e7al\u0131\u015fmalar yerinde incelendi. \u00a0 16 \u0130L, 9 \u0130L\u00c7E, 4 B\u0130N K\u0130LOMETRE Yolculuk; Erzurum, Ardahan, Kars, I\u011fd\u0131r, A\u011fr\u0131, Van, Hakk\u00e2ri, \u015e\u0131rnak, Mardin, \u015eanl\u0131urfa, Diyarbak\u0131r, Batman, Siirt, Bitlis, Mu\u015f ve Bing\u00f6l illerinde; Oltu, Do\u011fubayaz\u0131t, Patnos, Erci\u015f, Y\u00fcksekova, Cizre, Midyat ve [&hellip;]<\/p>\n","protected":false},"author":1,"featured_media":6017,"comment_status":"open","ping_status":"open","sticky":false,"template":"","format":"standard","meta":{"footnotes":"","_links_to":"","_links_to_target":""},"categories":[1],"tags":[],"class_list":["post-6016","post","type-post","status-publish","format-standard","has-post-thumbnail","hentry","category-haberler"],"_links":{"self":[{"href":"https:\/\/www.abchukuk.com\/index.php\/wp-json\/wp\/v2\/posts\/6016","targetHints":{"allow":["GET"]}}],"collection":[{"href":"https:\/\/www.abchukuk.com\/index.php\/wp-json\/wp\/v2\/posts"}],"about":[{"href":"https:\/\/www.abchukuk.com\/index.php\/wp-json\/wp\/v2\/types\/post"}],"author":[{"embeddable":true,"href":"https:\/\/www.abchukuk.com\/index.php\/wp-json\/wp\/v2\/users\/1"}],"replies":[{"embeddable":true,"href":"https:\/\/www.abchukuk.com\/index.php\/wp-json\/wp\/v2\/comments?post=6016"}],"version-history":[{"count":0,"href":"https:\/\/www.abchukuk.com\/index.php\/wp-json\/wp\/v2\/posts\/6016\/revisions"}],"wp:featuredmedia":[{"embeddable":true,"href":"https:\/\/www.abchukuk.com\/index.php\/wp-json\/wp\/v2\/media\/6017"}],"wp:attachment":[{"href":"https:\/\/www.abchukuk.com\/index.php\/wp-json\/wp\/v2\/media?parent=6016"}],"wp:term":[{"taxonomy":"category","embeddable":true,"href":"https:\/\/www.abchukuk.com\/index.php\/wp-json\/wp\/v2\/categories?post=6016"},{"taxonomy":"post_tag","embeddable":true,"href":"https:\/\/www.abchukuk.com\/index.php\/wp-json\/wp\/v2\/tags?post=6016"}],"curies":[{"name":"wp","href":"https:\/\/api.w.org\/{rel}","templated":true}]}}