{"id":6014,"date":"2025-09-22T15:00:00","date_gmt":"2025-09-22T15:00:00","guid":{"rendered":"https:\/\/www.abchukuk.com\/index.php\/2025\/09\/22\/emekli-albay-orkun-ozellerin-avukatlari-harekete-gecti-tutukluluguna-cifte-itiraz\/"},"modified":"2025-09-22T15:00:00","modified_gmt":"2025-09-22T15:00:00","slug":"emekli-albay-orkun-ozellerin-avukatlari-harekete-gecti-tutukluluguna-cifte-itiraz","status":"publish","type":"post","link":"https:\/\/www.abchukuk.com\/index.php\/2025\/09\/22\/emekli-albay-orkun-ozellerin-avukatlari-harekete-gecti-tutukluluguna-cifte-itiraz\/","title":{"rendered":"Emekli Albay Orkun \u00d6zeller\u2019in Avukatlar\u0131 Harekete Ge\u00e7ti: Tutuklulu\u011funa \u00c7ifte \u0130tiraz"},"content":{"rendered":"<p><a href=\"https:\/\/www.gercekgundem.com\/guncel\/emekli-albay-orkun-ozellerin-avukatlari-harekete-gecti-tutukluluguna-cifte-itiraz-556489\"><br \/>\n                                                            <img decoding=\"async\" src=\"https:\/\/i.gercekgundem.com\/2\/150\/84\/storage\/files\/images\/2025\/09\/22\/emekli-albay-orkun-ozellerin-avukatlari-harekete-gecti-tutukluluguna-cifte-itiraz-5b3q.jpg\" width=\"150\" height=\"84\" border=\"0\" align=\"right\" \/><br \/>\n                                                    <\/a><\/p>\n<h4>MHP lideri Devlet Bah\u00e7eli&#8217;ye y\u00f6nelik payla\u015f\u0131mlar\u0131 sonras\u0131 tutuklanan emekli albay Orkun \u00d6zeller&#8217;in avukatlar\u0131 hem tutuklulu\u011fa hem de soru\u015fturman\u0131n \u0130stanbul Cumhuriyet Ba\u015fsavc\u0131l\u0131\u011f\u0131 taraf\u0131ndan y\u00fcr\u00fct\u00fclmesine itiraz etti.<\/h4>\n<p>MHP lideri Devlet Bah\u00e7eli&#8217;ye y\u00f6nelik payla\u015f\u0131mlar\u0131 sonras\u0131 tutuklanan emekli albay Orkun \u00d6zeller&#8217;in avukatlar\u0131 hem tutuklulu\u011fa hem de soru\u015fturman\u0131n \u0130stanbul Cumhuriyet Ba\u015fsavc\u0131l\u0131\u011f\u0131 taraf\u0131ndan y\u00fcr\u00fct\u00fclmesine itiraz etti.\u00a0<a href=\"https:\/\/www.gercekgundem.com\/guncel\/emekli-albay-orkun-ozellerin-avukatlari-harekete-gecti-tutukluluguna-cifte-itiraz-556489\" target=\"_blank\" class=\"feedzy-rss-link-icon\">Read More<\/a><\/p>","protected":false},"excerpt":{"rendered":"<p>MHP lideri Devlet Bah\u00e7eli&#8217;ye y\u00f6nelik payla\u015f\u0131mlar\u0131 sonras\u0131 tutuklanan emekli albay Orkun \u00d6zeller&#8217;in avukatlar\u0131 hem tutuklulu\u011fa hem de soru\u015fturman\u0131n \u0130stanbul Cumhuriyet Ba\u015fsavc\u0131l\u0131\u011f\u0131 taraf\u0131ndan y\u00fcr\u00fct\u00fclmesine itiraz etti. MHP lideri Devlet Bah\u00e7eli&#8217;ye y\u00f6nelik payla\u015f\u0131mlar\u0131 sonras\u0131 tutuklanan emekli albay Orkun \u00d6zeller&#8217;in avukatlar\u0131 hem tutuklulu\u011fa hem de soru\u015fturman\u0131n \u0130stanbul Cumhuriyet Ba\u015fsavc\u0131l\u0131\u011f\u0131 taraf\u0131ndan y\u00fcr\u00fct\u00fclmesine itiraz etti.\u00a0Read More<\/p>\n","protected":false},"author":1,"featured_media":6015,"comment_status":"open","ping_status":"open","sticky":false,"template":"","format":"standard","meta":{"footnotes":"","_links_to":"","_links_to_target":""},"categories":[1],"tags":[],"class_list":["post-6014","post","type-post","status-publish","format-standard","has-post-thumbnail","hentry","category-haberler"],"_links":{"self":[{"href":"https:\/\/www.abchukuk.com\/index.php\/wp-json\/wp\/v2\/posts\/6014","targetHints":{"allow":["GET"]}}],"collection":[{"href":"https:\/\/www.abchukuk.com\/index.php\/wp-json\/wp\/v2\/posts"}],"about":[{"href":"https:\/\/www.abchukuk.com\/index.php\/wp-json\/wp\/v2\/types\/post"}],"author":[{"embeddable":true,"href":"https:\/\/www.abchukuk.com\/index.php\/wp-json\/wp\/v2\/users\/1"}],"replies":[{"embeddable":true,"href":"https:\/\/www.abchukuk.com\/index.php\/wp-json\/wp\/v2\/comments?post=6014"}],"version-history":[{"count":0,"href":"https:\/\/www.abchukuk.com\/index.php\/wp-json\/wp\/v2\/posts\/6014\/revisions"}],"wp:featuredmedia":[{"embeddable":true,"href":"https:\/\/www.abchukuk.com\/index.php\/wp-json\/wp\/v2\/media\/6015"}],"wp:attachment":[{"href":"https:\/\/www.abchukuk.com\/index.php\/wp-json\/wp\/v2\/media?parent=6014"}],"wp:term":[{"taxonomy":"category","embeddable":true,"href":"https:\/\/www.abchukuk.com\/index.php\/wp-json\/wp\/v2\/categories?post=6014"},{"taxonomy":"post_tag","embeddable":true,"href":"https:\/\/www.abchukuk.com\/index.php\/wp-json\/wp\/v2\/tags?post=6014"}],"curies":[{"name":"wp","href":"https:\/\/api.w.org\/{rel}","templated":true}]}}