{"id":6009,"date":"2025-09-22T13:55:00","date_gmt":"2025-09-22T13:55:00","guid":{"rendered":"https:\/\/www.abchukuk.com\/index.php\/2025\/09\/22\/avukatlarindan-emekli-albay-orkun-ozellerin-tutukluluguna-itiraz\/"},"modified":"2025-09-22T13:55:00","modified_gmt":"2025-09-22T13:55:00","slug":"avukatlarindan-emekli-albay-orkun-ozellerin-tutukluluguna-itiraz","status":"publish","type":"post","link":"https:\/\/www.abchukuk.com\/index.php\/2025\/09\/22\/avukatlarindan-emekli-albay-orkun-ozellerin-tutukluluguna-itiraz\/","title":{"rendered":"Avukatlar\u0131ndan, Emekli Albay Orkun \u00d6zeller\u2019in tutuklulu\u011funa itiraz"},"content":{"rendered":"<p>Emekli Albay Orkun \u00d6zeller,\u00a0MHP lideri Devlet Bah\u00e7eli\u2019ye y\u00f6nelik ele\u015ftirilerinin ard\u0131ndan \u0130stanbul Cumhuriyet Ba\u015fsavc\u0131l\u0131\u011f\u0131\u2019nca ba\u015flat\u0131lan soru\u015fturma sonucunda g\u00f6zalt\u0131na al\u0131nd\u0131\u011f\u0131 Ordu\u2019da tutukland\u0131. \u00d6zeller\u2019in avukatlar\u0131, hukuka ve usule ayk\u0131r\u0131 oldu\u011fu gerek\u00e7esiyle m\u00fcvekkilinin tutuklulu\u011funa itiraz etti.Emekli Albay Orkun \u00d6zeller,\u00a0MHP lideri Devlet Bah\u00e7eli\u2019ye y\u00f6nelik ele\u015ftirilerinin ard\u0131ndan \u0130stanbul Cumhuriyet Ba\u015fsavc\u0131l\u0131\u011f\u0131\u2019nca ba\u015flat\u0131lan soru\u015fturma sonucunda g\u00f6zalt\u0131na al\u0131nd\u0131\u011f\u0131 Ordu\u2019da tutukland\u0131. \u00d6zeller\u2019in avukatlar\u0131, hukuka ve usule ayk\u0131r\u0131 oldu\u011fu gerek\u00e7esiyle m\u00fcvekkilinin tutuklulu\u011funa itiraz etti.\u00a0<a href=\"https:\/\/www.cumhuriyet.com.tr\/turkiye\/avukatlarindan-emekli-albay-orkun-ozeller-in-tutukluluguna-itiraz-2437324\" target=\"_blank\" class=\"feedzy-rss-link-icon\">Read More<\/a><\/p>","protected":false},"excerpt":{"rendered":"<p>Emekli Albay Orkun \u00d6zeller,\u00a0MHP lideri Devlet Bah\u00e7eli\u2019ye y\u00f6nelik ele\u015ftirilerinin ard\u0131ndan \u0130stanbul Cumhuriyet Ba\u015fsavc\u0131l\u0131\u011f\u0131\u2019nca ba\u015flat\u0131lan soru\u015fturma sonucunda g\u00f6zalt\u0131na al\u0131nd\u0131\u011f\u0131 Ordu\u2019da tutukland\u0131. \u00d6zeller\u2019in avukatlar\u0131, hukuka ve usule ayk\u0131r\u0131 oldu\u011fu gerek\u00e7esiyle m\u00fcvekkilinin tutuklulu\u011funa itiraz etti.Emekli Albay Orkun \u00d6zeller,\u00a0MHP lideri Devlet Bah\u00e7eli\u2019ye y\u00f6nelik ele\u015ftirilerinin ard\u0131ndan \u0130stanbul Cumhuriyet Ba\u015fsavc\u0131l\u0131\u011f\u0131\u2019nca ba\u015flat\u0131lan soru\u015fturma sonucunda g\u00f6zalt\u0131na al\u0131nd\u0131\u011f\u0131 Ordu\u2019da tutukland\u0131. \u00d6zeller\u2019in avukatlar\u0131, hukuka ve [&hellip;]<\/p>\n","protected":false},"author":1,"featured_media":6010,"comment_status":"open","ping_status":"open","sticky":false,"template":"","format":"standard","meta":{"footnotes":"","_links_to":"","_links_to_target":""},"categories":[1],"tags":[],"class_list":["post-6009","post","type-post","status-publish","format-standard","has-post-thumbnail","hentry","category-haberler"],"_links":{"self":[{"href":"https:\/\/www.abchukuk.com\/index.php\/wp-json\/wp\/v2\/posts\/6009","targetHints":{"allow":["GET"]}}],"collection":[{"href":"https:\/\/www.abchukuk.com\/index.php\/wp-json\/wp\/v2\/posts"}],"about":[{"href":"https:\/\/www.abchukuk.com\/index.php\/wp-json\/wp\/v2\/types\/post"}],"author":[{"embeddable":true,"href":"https:\/\/www.abchukuk.com\/index.php\/wp-json\/wp\/v2\/users\/1"}],"replies":[{"embeddable":true,"href":"https:\/\/www.abchukuk.com\/index.php\/wp-json\/wp\/v2\/comments?post=6009"}],"version-history":[{"count":0,"href":"https:\/\/www.abchukuk.com\/index.php\/wp-json\/wp\/v2\/posts\/6009\/revisions"}],"wp:featuredmedia":[{"embeddable":true,"href":"https:\/\/www.abchukuk.com\/index.php\/wp-json\/wp\/v2\/media\/6010"}],"wp:attachment":[{"href":"https:\/\/www.abchukuk.com\/index.php\/wp-json\/wp\/v2\/media?parent=6009"}],"wp:term":[{"taxonomy":"category","embeddable":true,"href":"https:\/\/www.abchukuk.com\/index.php\/wp-json\/wp\/v2\/categories?post=6009"},{"taxonomy":"post_tag","embeddable":true,"href":"https:\/\/www.abchukuk.com\/index.php\/wp-json\/wp\/v2\/tags?post=6009"}],"curies":[{"name":"wp","href":"https:\/\/api.w.org\/{rel}","templated":true}]}}