{"id":5999,"date":"2025-09-22T14:55:00","date_gmt":"2025-09-22T14:55:00","guid":{"rendered":"https:\/\/www.abchukuk.com\/index.php\/2025\/09\/22\/cevizlibag-kyk-yurdundaki-skandalda-4-tutuklama-talebi\/"},"modified":"2025-09-22T14:55:00","modified_gmt":"2025-09-22T14:55:00","slug":"cevizlibag-kyk-yurdundaki-skandalda-4-tutuklama-talebi","status":"publish","type":"post","link":"https:\/\/www.abchukuk.com\/index.php\/2025\/09\/22\/cevizlibag-kyk-yurdundaki-skandalda-4-tutuklama-talebi\/","title":{"rendered":"Cevizliba\u011f KYK Yurdu&#8217;ndaki skandalda 4 tutuklama talebi!"},"content":{"rendered":"<p>\u0130stanbul Cevizliba\u011f\u2019daki Atat\u00fcrk KYK K\u0131z \u00d6\u011frenci Yurdu\u2019ndaki skandalda yeni bir geli\u015fme ya\u015fand\u0131. Soru\u015fturmada g\u00f6zalt\u0131na al\u0131nan 4 ki\u015fi tutuklama talebiyle mahkemeye sevk edilirken 2 ki\u015fi savc\u0131l\u0131k ifadelerinin ard\u0131ndan serbest b\u0131rak\u0131ld\u0131.\u0130stanbul Cevizliba\u011f\u2019daki Atat\u00fcrk KYK K\u0131z \u00d6\u011frenci Yurdu\u2019ndaki skandalda yeni bir geli\u015fme ya\u015fand\u0131. Soru\u015fturmada g\u00f6zalt\u0131na al\u0131nan 4 ki\u015fi tutuklama talebiyle mahkemeye sevk edilirken 2 ki\u015fi savc\u0131l\u0131k ifadelerinin ard\u0131ndan serbest b\u0131rak\u0131ld\u0131.\u00a0<a href=\"https:\/\/www.cumhuriyet.com.tr\/turkiye\/cevizlibag-kyk-yurdu-ndaki-skandalda-4-tutuklama-talebi-2437350\" target=\"_blank\" class=\"feedzy-rss-link-icon\">Read More<\/a><\/p>","protected":false},"excerpt":{"rendered":"<p>\u0130stanbul Cevizliba\u011f\u2019daki Atat\u00fcrk KYK K\u0131z \u00d6\u011frenci Yurdu\u2019ndaki skandalda yeni bir geli\u015fme ya\u015fand\u0131. Soru\u015fturmada g\u00f6zalt\u0131na al\u0131nan 4 ki\u015fi tutuklama talebiyle mahkemeye sevk edilirken 2 ki\u015fi savc\u0131l\u0131k ifadelerinin ard\u0131ndan serbest b\u0131rak\u0131ld\u0131.\u0130stanbul Cevizliba\u011f\u2019daki Atat\u00fcrk KYK K\u0131z \u00d6\u011frenci Yurdu\u2019ndaki skandalda yeni bir geli\u015fme ya\u015fand\u0131. Soru\u015fturmada g\u00f6zalt\u0131na al\u0131nan 4 ki\u015fi tutuklama talebiyle mahkemeye sevk edilirken 2 ki\u015fi savc\u0131l\u0131k ifadelerinin ard\u0131ndan [&hellip;]<\/p>\n","protected":false},"author":1,"featured_media":6000,"comment_status":"open","ping_status":"open","sticky":false,"template":"","format":"standard","meta":{"footnotes":"","_links_to":"","_links_to_target":""},"categories":[1],"tags":[],"class_list":["post-5999","post","type-post","status-publish","format-standard","has-post-thumbnail","hentry","category-haberler"],"_links":{"self":[{"href":"https:\/\/www.abchukuk.com\/index.php\/wp-json\/wp\/v2\/posts\/5999","targetHints":{"allow":["GET"]}}],"collection":[{"href":"https:\/\/www.abchukuk.com\/index.php\/wp-json\/wp\/v2\/posts"}],"about":[{"href":"https:\/\/www.abchukuk.com\/index.php\/wp-json\/wp\/v2\/types\/post"}],"author":[{"embeddable":true,"href":"https:\/\/www.abchukuk.com\/index.php\/wp-json\/wp\/v2\/users\/1"}],"replies":[{"embeddable":true,"href":"https:\/\/www.abchukuk.com\/index.php\/wp-json\/wp\/v2\/comments?post=5999"}],"version-history":[{"count":0,"href":"https:\/\/www.abchukuk.com\/index.php\/wp-json\/wp\/v2\/posts\/5999\/revisions"}],"wp:featuredmedia":[{"embeddable":true,"href":"https:\/\/www.abchukuk.com\/index.php\/wp-json\/wp\/v2\/media\/6000"}],"wp:attachment":[{"href":"https:\/\/www.abchukuk.com\/index.php\/wp-json\/wp\/v2\/media?parent=5999"}],"wp:term":[{"taxonomy":"category","embeddable":true,"href":"https:\/\/www.abchukuk.com\/index.php\/wp-json\/wp\/v2\/categories?post=5999"},{"taxonomy":"post_tag","embeddable":true,"href":"https:\/\/www.abchukuk.com\/index.php\/wp-json\/wp\/v2\/tags?post=5999"}],"curies":[{"name":"wp","href":"https:\/\/api.w.org\/{rel}","templated":true}]}}