{"id":5997,"date":"2025-09-22T12:04:00","date_gmt":"2025-09-22T12:04:00","guid":{"rendered":"https:\/\/www.abchukuk.com\/index.php\/2025\/09\/22\/mustehcenlik-sorusturmasi-baslatilmisti-sarkici-mabel-matiz-adliyeye-geldi-ifadesi-ortaya-cikti\/"},"modified":"2025-09-22T12:04:00","modified_gmt":"2025-09-22T12:04:00","slug":"mustehcenlik-sorusturmasi-baslatilmisti-sarkici-mabel-matiz-adliyeye-geldi-ifadesi-ortaya-cikti","status":"publish","type":"post","link":"https:\/\/www.abchukuk.com\/index.php\/2025\/09\/22\/mustehcenlik-sorusturmasi-baslatilmisti-sarkici-mabel-matiz-adliyeye-geldi-ifadesi-ortaya-cikti\/","title":{"rendered":"&#8216;M\u00fcstehcenlik&#8217; soru\u015fturmas\u0131 ba\u015flat\u0131lm\u0131\u015ft\u0131&#8230; \u015eark\u0131c\u0131 Mabel Matiz adliyeye geldi: \u0130fadesi ortaya \u00e7\u0131kt\u0131"},"content":{"rendered":"<p>Mabel Matiz olarak bilinen \u015fark\u0131c\u0131 Fatih Karaca hakk\u0131nda &#8220;Perperi\u015fan&#8221; isimli \u015fark\u0131s\u0131 nedeniyle &#8220;m\u00fcstehcenlik&#8221; su\u00e7undan soru\u015fturma ba\u015flat\u0131ld\u0131. Karaca, adliyeye gelerek savc\u0131l\u0131\u011fa ifade verdi. \u00dcnl\u00fc \u015fark\u0131c\u0131, a\u00e7\u0131klama yapmadan adliyeden ayr\u0131ld\u0131.Mabel Matiz olarak bilinen \u015fark\u0131c\u0131 Fatih Karaca hakk\u0131nda &#8220;Perperi\u015fan&#8221; isimli \u015fark\u0131s\u0131 nedeniyle &#8220;m\u00fcstehcenlik&#8221; su\u00e7undan soru\u015fturma ba\u015flat\u0131ld\u0131. Karaca, adliyeye gelerek savc\u0131l\u0131\u011fa ifade verdi. \u00dcnl\u00fc \u015fark\u0131c\u0131, a\u00e7\u0131klama yapmadan adliyeden ayr\u0131ld\u0131.\u00a0<a href=\"https:\/\/www.cumhuriyet.com.tr\/turkiye\/mustehcenlik-sorusturmasi-baslatilmisti-sarkici-mabel-matiz-adliyeye-geldi-ifadesi-ortaya-cikti-2437277\" target=\"_blank\" class=\"feedzy-rss-link-icon\">Read More<\/a><\/p>","protected":false},"excerpt":{"rendered":"<p>Mabel Matiz olarak bilinen \u015fark\u0131c\u0131 Fatih Karaca hakk\u0131nda &#8220;Perperi\u015fan&#8221; isimli \u015fark\u0131s\u0131 nedeniyle &#8220;m\u00fcstehcenlik&#8221; su\u00e7undan soru\u015fturma ba\u015flat\u0131ld\u0131. Karaca, adliyeye gelerek savc\u0131l\u0131\u011fa ifade verdi. \u00dcnl\u00fc \u015fark\u0131c\u0131, a\u00e7\u0131klama yapmadan adliyeden ayr\u0131ld\u0131.Mabel Matiz olarak bilinen \u015fark\u0131c\u0131 Fatih Karaca hakk\u0131nda &#8220;Perperi\u015fan&#8221; isimli \u015fark\u0131s\u0131 nedeniyle &#8220;m\u00fcstehcenlik&#8221; su\u00e7undan soru\u015fturma ba\u015flat\u0131ld\u0131. Karaca, adliyeye gelerek savc\u0131l\u0131\u011fa ifade verdi. \u00dcnl\u00fc \u015fark\u0131c\u0131, a\u00e7\u0131klama yapmadan adliyeden ayr\u0131ld\u0131.\u00a0Read [&hellip;]<\/p>\n","protected":false},"author":1,"featured_media":5998,"comment_status":"open","ping_status":"open","sticky":false,"template":"","format":"standard","meta":{"footnotes":"","_links_to":"","_links_to_target":""},"categories":[1],"tags":[],"class_list":["post-5997","post","type-post","status-publish","format-standard","has-post-thumbnail","hentry","category-haberler"],"_links":{"self":[{"href":"https:\/\/www.abchukuk.com\/index.php\/wp-json\/wp\/v2\/posts\/5997","targetHints":{"allow":["GET"]}}],"collection":[{"href":"https:\/\/www.abchukuk.com\/index.php\/wp-json\/wp\/v2\/posts"}],"about":[{"href":"https:\/\/www.abchukuk.com\/index.php\/wp-json\/wp\/v2\/types\/post"}],"author":[{"embeddable":true,"href":"https:\/\/www.abchukuk.com\/index.php\/wp-json\/wp\/v2\/users\/1"}],"replies":[{"embeddable":true,"href":"https:\/\/www.abchukuk.com\/index.php\/wp-json\/wp\/v2\/comments?post=5997"}],"version-history":[{"count":0,"href":"https:\/\/www.abchukuk.com\/index.php\/wp-json\/wp\/v2\/posts\/5997\/revisions"}],"wp:featuredmedia":[{"embeddable":true,"href":"https:\/\/www.abchukuk.com\/index.php\/wp-json\/wp\/v2\/media\/5998"}],"wp:attachment":[{"href":"https:\/\/www.abchukuk.com\/index.php\/wp-json\/wp\/v2\/media?parent=5997"}],"wp:term":[{"taxonomy":"category","embeddable":true,"href":"https:\/\/www.abchukuk.com\/index.php\/wp-json\/wp\/v2\/categories?post=5997"},{"taxonomy":"post_tag","embeddable":true,"href":"https:\/\/www.abchukuk.com\/index.php\/wp-json\/wp\/v2\/tags?post=5997"}],"curies":[{"name":"wp","href":"https:\/\/api.w.org\/{rel}","templated":true}]}}