{"id":5986,"date":"2025-09-22T13:55:00","date_gmt":"2025-09-22T13:55:00","guid":{"rendered":"https:\/\/www.abchukuk.com\/index.php\/2025\/09\/22\/emekli-albay-orkun-ozellerin-tutukluluguna-itiraz\/"},"modified":"2025-09-22T13:55:00","modified_gmt":"2025-09-22T13:55:00","slug":"emekli-albay-orkun-ozellerin-tutukluluguna-itiraz","status":"publish","type":"post","link":"https:\/\/www.abchukuk.com\/index.php\/2025\/09\/22\/emekli-albay-orkun-ozellerin-tutukluluguna-itiraz\/","title":{"rendered":"Emekli Albay Orkun \u00d6zeller&#8217;in tutuklulu\u011funa itiraz"},"content":{"rendered":"<p>MHP lideri Bah\u00e7eli\u2019ye y\u00f6nelik ele\u015ftirileri sonras\u0131 tutuklanan emekli Albay Orkun \u00d6zeller&#8217;in tutuklulu\u011funa itiraz edildi. Ayr\u0131ca \u0130stanbul Cumhuriyet Ba\u015fsavc\u0131l\u0131\u011f\u0131&#8217;n\u0131n &#8216;yetkisiz&#8217; oldu\u011funu belirten yetkisizlik dilek\u00e7esi de sunuldu.MHP lideri Bah\u00e7eli\u2019ye y\u00f6nelik ele\u015ftirileri sonras\u0131 tutuklanan emekli Albay Orkun \u00d6zeller&#8217;in tutuklulu\u011funa itiraz edildi. Ayr\u0131ca \u0130stanbul Cumhuriyet Ba\u015fsavc\u0131l\u0131\u011f\u0131&#8217;n\u0131n &#8216;yetkisiz&#8217; oldu\u011funu belirten yetkisizlik dilek\u00e7esi de sunuldu.\u00a0<a href=\"https:\/\/www.cumhuriyet.com.tr\/turkiye\/emekli-albay-orkun-ozeller-in-tutukluluguna-itiraz-2437324\" target=\"_blank\" class=\"feedzy-rss-link-icon\">Read More<\/a><\/p>","protected":false},"excerpt":{"rendered":"<p>MHP lideri Bah\u00e7eli\u2019ye y\u00f6nelik ele\u015ftirileri sonras\u0131 tutuklanan emekli Albay Orkun \u00d6zeller&#8217;in tutuklulu\u011funa itiraz edildi. Ayr\u0131ca \u0130stanbul Cumhuriyet Ba\u015fsavc\u0131l\u0131\u011f\u0131&#8217;n\u0131n &#8216;yetkisiz&#8217; oldu\u011funu belirten yetkisizlik dilek\u00e7esi de sunuldu.MHP lideri Bah\u00e7eli\u2019ye y\u00f6nelik ele\u015ftirileri sonras\u0131 tutuklanan emekli Albay Orkun \u00d6zeller&#8217;in tutuklulu\u011funa itiraz edildi. Ayr\u0131ca \u0130stanbul Cumhuriyet Ba\u015fsavc\u0131l\u0131\u011f\u0131&#8217;n\u0131n &#8216;yetkisiz&#8217; oldu\u011funu belirten yetkisizlik dilek\u00e7esi de sunuldu.\u00a0Read More<\/p>\n","protected":false},"author":1,"featured_media":5987,"comment_status":"open","ping_status":"open","sticky":false,"template":"","format":"standard","meta":{"footnotes":"","_links_to":"","_links_to_target":""},"categories":[1],"tags":[],"class_list":["post-5986","post","type-post","status-publish","format-standard","has-post-thumbnail","hentry","category-haberler"],"_links":{"self":[{"href":"https:\/\/www.abchukuk.com\/index.php\/wp-json\/wp\/v2\/posts\/5986","targetHints":{"allow":["GET"]}}],"collection":[{"href":"https:\/\/www.abchukuk.com\/index.php\/wp-json\/wp\/v2\/posts"}],"about":[{"href":"https:\/\/www.abchukuk.com\/index.php\/wp-json\/wp\/v2\/types\/post"}],"author":[{"embeddable":true,"href":"https:\/\/www.abchukuk.com\/index.php\/wp-json\/wp\/v2\/users\/1"}],"replies":[{"embeddable":true,"href":"https:\/\/www.abchukuk.com\/index.php\/wp-json\/wp\/v2\/comments?post=5986"}],"version-history":[{"count":0,"href":"https:\/\/www.abchukuk.com\/index.php\/wp-json\/wp\/v2\/posts\/5986\/revisions"}],"wp:featuredmedia":[{"embeddable":true,"href":"https:\/\/www.abchukuk.com\/index.php\/wp-json\/wp\/v2\/media\/5987"}],"wp:attachment":[{"href":"https:\/\/www.abchukuk.com\/index.php\/wp-json\/wp\/v2\/media?parent=5986"}],"wp:term":[{"taxonomy":"category","embeddable":true,"href":"https:\/\/www.abchukuk.com\/index.php\/wp-json\/wp\/v2\/categories?post=5986"},{"taxonomy":"post_tag","embeddable":true,"href":"https:\/\/www.abchukuk.com\/index.php\/wp-json\/wp\/v2\/tags?post=5986"}],"curies":[{"name":"wp","href":"https:\/\/api.w.org\/{rel}","templated":true}]}}