{"id":5984,"date":"2025-09-22T12:04:00","date_gmt":"2025-09-22T12:04:00","guid":{"rendered":"https:\/\/www.abchukuk.com\/index.php\/2025\/09\/22\/sarkici-mabel-matiz-ifade-vermek-uzere-polis-esliginde-adliyeye-geldi\/"},"modified":"2025-09-22T12:04:00","modified_gmt":"2025-09-22T12:04:00","slug":"sarkici-mabel-matiz-ifade-vermek-uzere-polis-esliginde-adliyeye-geldi","status":"publish","type":"post","link":"https:\/\/www.abchukuk.com\/index.php\/2025\/09\/22\/sarkici-mabel-matiz-ifade-vermek-uzere-polis-esliginde-adliyeye-geldi\/","title":{"rendered":"\u015eark\u0131c\u0131 Mabel Matiz, ifade vermek \u00fczere polis e\u015fli\u011finde adliyeye geldi"},"content":{"rendered":"<p>Mabel Matiz olarak bilinen \u015fark\u0131c\u0131 Fatih Karaca hakk\u0131nda &#8220;Perperi\u015fan&#8221; isimli \u015fark\u0131s\u0131 nedeniyle &#8220;m\u00fcstehcenlik&#8221; su\u00e7undan soru\u015fturma ba\u015flat\u0131ld\u0131. Karaca, ifade vermek i\u00e7in polis e\u015fli\u011finde adliyeye geldi.Mabel Matiz olarak bilinen \u015fark\u0131c\u0131 Fatih Karaca hakk\u0131nda &#8220;Perperi\u015fan&#8221; isimli \u015fark\u0131s\u0131 nedeniyle &#8220;m\u00fcstehcenlik&#8221; su\u00e7undan soru\u015fturma ba\u015flat\u0131ld\u0131. Karaca, ifade vermek i\u00e7in polis e\u015fli\u011finde adliyeye geldi.\u00a0<a href=\"https:\/\/www.cumhuriyet.com.tr\/turkiye\/sarkici-mabel-matiz-ifade-vermek-uzere-polis-esliginde-adliyeye-geldi-2437277\" target=\"_blank\" class=\"feedzy-rss-link-icon\">Read More<\/a><\/p>","protected":false},"excerpt":{"rendered":"<p>Mabel Matiz olarak bilinen \u015fark\u0131c\u0131 Fatih Karaca hakk\u0131nda &#8220;Perperi\u015fan&#8221; isimli \u015fark\u0131s\u0131 nedeniyle &#8220;m\u00fcstehcenlik&#8221; su\u00e7undan soru\u015fturma ba\u015flat\u0131ld\u0131. Karaca, ifade vermek i\u00e7in polis e\u015fli\u011finde adliyeye geldi.Mabel Matiz olarak bilinen \u015fark\u0131c\u0131 Fatih Karaca hakk\u0131nda &#8220;Perperi\u015fan&#8221; isimli \u015fark\u0131s\u0131 nedeniyle &#8220;m\u00fcstehcenlik&#8221; su\u00e7undan soru\u015fturma ba\u015flat\u0131ld\u0131. Karaca, ifade vermek i\u00e7in polis e\u015fli\u011finde adliyeye geldi.\u00a0Read More<\/p>\n","protected":false},"author":1,"featured_media":5985,"comment_status":"open","ping_status":"open","sticky":false,"template":"","format":"standard","meta":{"footnotes":"","_links_to":"","_links_to_target":""},"categories":[1],"tags":[],"class_list":["post-5984","post","type-post","status-publish","format-standard","has-post-thumbnail","hentry","category-haberler"],"_links":{"self":[{"href":"https:\/\/www.abchukuk.com\/index.php\/wp-json\/wp\/v2\/posts\/5984","targetHints":{"allow":["GET"]}}],"collection":[{"href":"https:\/\/www.abchukuk.com\/index.php\/wp-json\/wp\/v2\/posts"}],"about":[{"href":"https:\/\/www.abchukuk.com\/index.php\/wp-json\/wp\/v2\/types\/post"}],"author":[{"embeddable":true,"href":"https:\/\/www.abchukuk.com\/index.php\/wp-json\/wp\/v2\/users\/1"}],"replies":[{"embeddable":true,"href":"https:\/\/www.abchukuk.com\/index.php\/wp-json\/wp\/v2\/comments?post=5984"}],"version-history":[{"count":0,"href":"https:\/\/www.abchukuk.com\/index.php\/wp-json\/wp\/v2\/posts\/5984\/revisions"}],"wp:featuredmedia":[{"embeddable":true,"href":"https:\/\/www.abchukuk.com\/index.php\/wp-json\/wp\/v2\/media\/5985"}],"wp:attachment":[{"href":"https:\/\/www.abchukuk.com\/index.php\/wp-json\/wp\/v2\/media?parent=5984"}],"wp:term":[{"taxonomy":"category","embeddable":true,"href":"https:\/\/www.abchukuk.com\/index.php\/wp-json\/wp\/v2\/categories?post=5984"},{"taxonomy":"post_tag","embeddable":true,"href":"https:\/\/www.abchukuk.com\/index.php\/wp-json\/wp\/v2\/tags?post=5984"}],"curies":[{"name":"wp","href":"https:\/\/api.w.org\/{rel}","templated":true}]}}