{"id":5982,"date":"2025-09-22T12:07:00","date_gmt":"2025-09-22T12:07:00","guid":{"rendered":"https:\/\/www.abchukuk.com\/index.php\/2025\/09\/22\/ayder-yaylasinda-mahsur-kalan-115-kisi-helikopterle-tahliye-edildi\/"},"modified":"2025-09-22T12:07:00","modified_gmt":"2025-09-22T12:07:00","slug":"ayder-yaylasinda-mahsur-kalan-115-kisi-helikopterle-tahliye-edildi","status":"publish","type":"post","link":"https:\/\/www.abchukuk.com\/index.php\/2025\/09\/22\/ayder-yaylasinda-mahsur-kalan-115-kisi-helikopterle-tahliye-edildi\/","title":{"rendered":"Ayder Yaylas\u0131&#8217;nda mahsur kalan 115 ki\u015fi helikopterle tahliye edildi"},"content":{"rendered":"<p>AFAD, a\u015f\u0131r\u0131 ya\u011f\u0131\u015flar\u0131n etkili oldu\u011fu Rize\u2019nin \u00c7aml\u0131hem\u015fin il\u00e7esine ba\u011fl\u0131 Ayder Yaylas\u0131\u2019nda 115 vatanda\u015f\u0131n helikopterlerle tahliye edildi\u011fini a\u00e7\u0131klad\u0131. Yolun ula\u015f\u0131ma kapanmas\u0131 \u00fczerine devreye giren ekipler, vatanda\u015flar\u0131 hava yoluyla g\u00fcvenli b\u00f6lgelere ta\u015f\u0131d\u0131. Ayr\u0131ca lojistik destek kapsam\u0131nda b\u00f6lgeye ekmek, un, su, \u00e7ocuk bezi, jenerat\u00f6r yak\u0131t\u0131 ve ya\u015f maya ula\u015ft\u0131r\u0131ld\u0131.AFAD, a\u015f\u0131r\u0131 ya\u011f\u0131\u015flar\u0131n etkili oldu\u011fu Rize\u2019nin \u00c7aml\u0131hem\u015fin il\u00e7esine ba\u011fl\u0131 Ayder Yaylas\u0131\u2019nda 115 vatanda\u015f\u0131n helikopterlerle tahliye edildi\u011fini a\u00e7\u0131klad\u0131. Yolun ula\u015f\u0131ma kapanmas\u0131 \u00fczerine devreye giren ekipler, vatanda\u015flar\u0131 hava yoluyla g\u00fcvenli b\u00f6lgelere ta\u015f\u0131d\u0131. Ayr\u0131ca lojistik destek kapsam\u0131nda b\u00f6lgeye ekmek, un, su, \u00e7ocuk bezi, jenerat\u00f6r yak\u0131t\u0131 ve ya\u015f maya ula\u015ft\u0131r\u0131ld\u0131.\u00a0<a href=\"https:\/\/www.dunya.com\/gundem\/ayder-yaylasinda-mahsur-kalan-115-kisi-helikopterle-tahliye-edildi-haberi-795158\" target=\"_blank\" class=\"feedzy-rss-link-icon\">Read More<\/a><\/p>","protected":false},"excerpt":{"rendered":"<p>AFAD, a\u015f\u0131r\u0131 ya\u011f\u0131\u015flar\u0131n etkili oldu\u011fu Rize\u2019nin \u00c7aml\u0131hem\u015fin il\u00e7esine ba\u011fl\u0131 Ayder Yaylas\u0131\u2019nda 115 vatanda\u015f\u0131n helikopterlerle tahliye edildi\u011fini a\u00e7\u0131klad\u0131. Yolun ula\u015f\u0131ma kapanmas\u0131 \u00fczerine devreye giren ekipler, vatanda\u015flar\u0131 hava yoluyla g\u00fcvenli b\u00f6lgelere ta\u015f\u0131d\u0131. Ayr\u0131ca lojistik destek kapsam\u0131nda b\u00f6lgeye ekmek, un, su, \u00e7ocuk bezi, jenerat\u00f6r yak\u0131t\u0131 ve ya\u015f maya ula\u015ft\u0131r\u0131ld\u0131.AFAD, a\u015f\u0131r\u0131 ya\u011f\u0131\u015flar\u0131n etkili oldu\u011fu Rize\u2019nin \u00c7aml\u0131hem\u015fin il\u00e7esine ba\u011fl\u0131 Ayder [&hellip;]<\/p>\n","protected":false},"author":1,"featured_media":5983,"comment_status":"open","ping_status":"open","sticky":false,"template":"","format":"standard","meta":{"footnotes":"","_links_to":"","_links_to_target":""},"categories":[1],"tags":[],"class_list":["post-5982","post","type-post","status-publish","format-standard","has-post-thumbnail","hentry","category-haberler"],"_links":{"self":[{"href":"https:\/\/www.abchukuk.com\/index.php\/wp-json\/wp\/v2\/posts\/5982","targetHints":{"allow":["GET"]}}],"collection":[{"href":"https:\/\/www.abchukuk.com\/index.php\/wp-json\/wp\/v2\/posts"}],"about":[{"href":"https:\/\/www.abchukuk.com\/index.php\/wp-json\/wp\/v2\/types\/post"}],"author":[{"embeddable":true,"href":"https:\/\/www.abchukuk.com\/index.php\/wp-json\/wp\/v2\/users\/1"}],"replies":[{"embeddable":true,"href":"https:\/\/www.abchukuk.com\/index.php\/wp-json\/wp\/v2\/comments?post=5982"}],"version-history":[{"count":0,"href":"https:\/\/www.abchukuk.com\/index.php\/wp-json\/wp\/v2\/posts\/5982\/revisions"}],"wp:featuredmedia":[{"embeddable":true,"href":"https:\/\/www.abchukuk.com\/index.php\/wp-json\/wp\/v2\/media\/5983"}],"wp:attachment":[{"href":"https:\/\/www.abchukuk.com\/index.php\/wp-json\/wp\/v2\/media?parent=5982"}],"wp:term":[{"taxonomy":"category","embeddable":true,"href":"https:\/\/www.abchukuk.com\/index.php\/wp-json\/wp\/v2\/categories?post=5982"},{"taxonomy":"post_tag","embeddable":true,"href":"https:\/\/www.abchukuk.com\/index.php\/wp-json\/wp\/v2\/tags?post=5982"}],"curies":[{"name":"wp","href":"https:\/\/api.w.org\/{rel}","templated":true}]}}