{"id":5976,"date":"2025-09-22T10:10:00","date_gmt":"2025-09-22T10:10:00","guid":{"rendered":"https:\/\/www.abchukuk.com\/index.php\/2025\/09\/22\/umut-davasinda-13-durusma-goruldu-mehmet-agar-ilk-kez-ifade-verdi-guldal-mumcuya-tuglayi-cekersem-duvar-yikilir-dedi-mi\/"},"modified":"2025-09-22T10:10:00","modified_gmt":"2025-09-22T10:10:00","slug":"umut-davasinda-13-durusma-goruldu-mehmet-agar-ilk-kez-ifade-verdi-guldal-mumcuya-tuglayi-cekersem-duvar-yikilir-dedi-mi","status":"publish","type":"post","link":"https:\/\/www.abchukuk.com\/index.php\/2025\/09\/22\/umut-davasinda-13-durusma-goruldu-mehmet-agar-ilk-kez-ifade-verdi-guldal-mumcuya-tuglayi-cekersem-duvar-yikilir-dedi-mi\/","title":{"rendered":"Umut Davas\u0131&#8217;nda 13. duru\u015fma g\u00f6r\u00fcld\u00fc: Mehmet A\u011far ilk kez ifade verdi&#8230; G\u00fcldal Mumcu&#8217;ya &#8216;Tu\u011flay\u0131 \u00e7ekersem duvar y\u0131k\u0131l\u0131r&#8217; dedi mi?"},"content":{"rendered":"<p>U\u011fur Mumcu suikastinin de aralar\u0131nda oldu\u011fu 22 faili me\u00e7hul cinayeti kapsayan &#8220;Umut Davas\u0131&#8221;nda Mehmet A\u011far, 32 y\u0131l sonra tan\u0131k olarak dinlendi: A\u011far, G\u00fcldal Mumcu\u2019ya \u201cTu\u011flay\u0131 \u00e7ekersem duvar y\u0131k\u0131l\u0131r\u201d demedi\u011fini iddia etti. Duru\u015fma 9 \u015eubat&#8217;a ertelendi.U\u011fur Mumcu suikastinin de aralar\u0131nda oldu\u011fu 22 faili me\u00e7hul cinayeti kapsayan &#8220;Umut Davas\u0131&#8221;nda Mehmet A\u011far, 32 y\u0131l sonra tan\u0131k olarak dinlendi: A\u011far, G\u00fcldal Mumcu\u2019ya \u201cTu\u011flay\u0131 \u00e7ekersem duvar y\u0131k\u0131l\u0131r\u201d demedi\u011fini iddia etti. Duru\u015fma 9 \u015eubat&#8217;a ertelendi.\u00a0<a href=\"https:\/\/www.cumhuriyet.com.tr\/turkiye\/umut-davasi-nda-13-durusma-goruldu-mehmet-agar-ilk-kez-ifade-verdi-guldal-mumcu-ya-tuglayi-cekersem-duvar-yikilir-dedi-mi-2437253\" target=\"_blank\" class=\"feedzy-rss-link-icon\">Read More<\/a><\/p>","protected":false},"excerpt":{"rendered":"<p>U\u011fur Mumcu suikastinin de aralar\u0131nda oldu\u011fu 22 faili me\u00e7hul cinayeti kapsayan &#8220;Umut Davas\u0131&#8221;nda Mehmet A\u011far, 32 y\u0131l sonra tan\u0131k olarak dinlendi: A\u011far, G\u00fcldal Mumcu\u2019ya \u201cTu\u011flay\u0131 \u00e7ekersem duvar y\u0131k\u0131l\u0131r\u201d demedi\u011fini iddia etti. Duru\u015fma 9 \u015eubat&#8217;a ertelendi.U\u011fur Mumcu suikastinin de aralar\u0131nda oldu\u011fu 22 faili me\u00e7hul cinayeti kapsayan &#8220;Umut Davas\u0131&#8221;nda Mehmet A\u011far, 32 y\u0131l sonra tan\u0131k olarak dinlendi: [&hellip;]<\/p>\n","protected":false},"author":1,"featured_media":5977,"comment_status":"open","ping_status":"open","sticky":false,"template":"","format":"standard","meta":{"footnotes":"","_links_to":"","_links_to_target":""},"categories":[1],"tags":[],"class_list":["post-5976","post","type-post","status-publish","format-standard","has-post-thumbnail","hentry","category-haberler"],"_links":{"self":[{"href":"https:\/\/www.abchukuk.com\/index.php\/wp-json\/wp\/v2\/posts\/5976","targetHints":{"allow":["GET"]}}],"collection":[{"href":"https:\/\/www.abchukuk.com\/index.php\/wp-json\/wp\/v2\/posts"}],"about":[{"href":"https:\/\/www.abchukuk.com\/index.php\/wp-json\/wp\/v2\/types\/post"}],"author":[{"embeddable":true,"href":"https:\/\/www.abchukuk.com\/index.php\/wp-json\/wp\/v2\/users\/1"}],"replies":[{"embeddable":true,"href":"https:\/\/www.abchukuk.com\/index.php\/wp-json\/wp\/v2\/comments?post=5976"}],"version-history":[{"count":0,"href":"https:\/\/www.abchukuk.com\/index.php\/wp-json\/wp\/v2\/posts\/5976\/revisions"}],"wp:featuredmedia":[{"embeddable":true,"href":"https:\/\/www.abchukuk.com\/index.php\/wp-json\/wp\/v2\/media\/5977"}],"wp:attachment":[{"href":"https:\/\/www.abchukuk.com\/index.php\/wp-json\/wp\/v2\/media?parent=5976"}],"wp:term":[{"taxonomy":"category","embeddable":true,"href":"https:\/\/www.abchukuk.com\/index.php\/wp-json\/wp\/v2\/categories?post=5976"},{"taxonomy":"post_tag","embeddable":true,"href":"https:\/\/www.abchukuk.com\/index.php\/wp-json\/wp\/v2\/tags?post=5976"}],"curies":[{"name":"wp","href":"https:\/\/api.w.org\/{rel}","templated":true}]}}