{"id":5974,"date":"2025-09-22T10:42:00","date_gmt":"2025-09-22T10:42:00","guid":{"rendered":"https:\/\/www.abchukuk.com\/index.php\/2025\/09\/22\/ihmal-sonucu-hayatini-kaybetmisti-uzerine-koltuk-dusen-ebrarin-olumune-iliskin-2-tutuklama\/"},"modified":"2025-09-22T10:42:00","modified_gmt":"2025-09-22T10:42:00","slug":"ihmal-sonucu-hayatini-kaybetmisti-uzerine-koltuk-dusen-ebrarin-olumune-iliskin-2-tutuklama","status":"publish","type":"post","link":"https:\/\/www.abchukuk.com\/index.php\/2025\/09\/22\/ihmal-sonucu-hayatini-kaybetmisti-uzerine-koltuk-dusen-ebrarin-olumune-iliskin-2-tutuklama\/","title":{"rendered":"\u0130hmal sonucu hayat\u0131n\u0131 kaybetmi\u015fti: \u00dczerine koltuk d\u00fc\u015fen Ebrar&#8217;\u0131n \u00f6l\u00fcm\u00fcne ili\u015fkin 2 tutuklama"},"content":{"rendered":"<p>\u0130zmir Menderes\u2019te nakliye asans\u00f6r\u00fcnden d\u00fc\u015fen koltu\u011fun alt\u0131nda kalarak hayat\u0131n\u0131 kaybeden 9 ya\u015f\u0131ndaki Ebrar Akta\u015f olay\u0131nda, 3 \u015f\u00fcpheliden 2\u2019si tutukland\u0131, 1\u2019i serbest b\u0131rak\u0131ld\u0131.\u0130zmir Menderes\u2019te nakliye asans\u00f6r\u00fcnden d\u00fc\u015fen koltu\u011fun alt\u0131nda kalarak hayat\u0131n\u0131 kaybeden 9 ya\u015f\u0131ndaki Ebrar Akta\u015f olay\u0131nda, 3 \u015f\u00fcpheliden 2\u2019si tutukland\u0131, 1\u2019i serbest b\u0131rak\u0131ld\u0131.\u00a0<a href=\"https:\/\/www.cumhuriyet.com.tr\/turkiye\/ihmal-sonucu-hayatini-kaybetmisti-uzerine-koltuk-dusen-ebrar-in-olumune-iliskin-2-tutuklama-2437260\" target=\"_blank\" class=\"feedzy-rss-link-icon\">Read More<\/a><\/p>","protected":false},"excerpt":{"rendered":"<p>\u0130zmir Menderes\u2019te nakliye asans\u00f6r\u00fcnden d\u00fc\u015fen koltu\u011fun alt\u0131nda kalarak hayat\u0131n\u0131 kaybeden 9 ya\u015f\u0131ndaki Ebrar Akta\u015f olay\u0131nda, 3 \u015f\u00fcpheliden 2\u2019si tutukland\u0131, 1\u2019i serbest b\u0131rak\u0131ld\u0131.\u0130zmir Menderes\u2019te nakliye asans\u00f6r\u00fcnden d\u00fc\u015fen koltu\u011fun alt\u0131nda kalarak hayat\u0131n\u0131 kaybeden 9 ya\u015f\u0131ndaki Ebrar Akta\u015f olay\u0131nda, 3 \u015f\u00fcpheliden 2\u2019si tutukland\u0131, 1\u2019i serbest b\u0131rak\u0131ld\u0131.\u00a0Read More<\/p>\n","protected":false},"author":1,"featured_media":5975,"comment_status":"open","ping_status":"open","sticky":false,"template":"","format":"standard","meta":{"footnotes":"","_links_to":"","_links_to_target":""},"categories":[1],"tags":[],"class_list":["post-5974","post","type-post","status-publish","format-standard","has-post-thumbnail","hentry","category-haberler"],"_links":{"self":[{"href":"https:\/\/www.abchukuk.com\/index.php\/wp-json\/wp\/v2\/posts\/5974","targetHints":{"allow":["GET"]}}],"collection":[{"href":"https:\/\/www.abchukuk.com\/index.php\/wp-json\/wp\/v2\/posts"}],"about":[{"href":"https:\/\/www.abchukuk.com\/index.php\/wp-json\/wp\/v2\/types\/post"}],"author":[{"embeddable":true,"href":"https:\/\/www.abchukuk.com\/index.php\/wp-json\/wp\/v2\/users\/1"}],"replies":[{"embeddable":true,"href":"https:\/\/www.abchukuk.com\/index.php\/wp-json\/wp\/v2\/comments?post=5974"}],"version-history":[{"count":0,"href":"https:\/\/www.abchukuk.com\/index.php\/wp-json\/wp\/v2\/posts\/5974\/revisions"}],"wp:featuredmedia":[{"embeddable":true,"href":"https:\/\/www.abchukuk.com\/index.php\/wp-json\/wp\/v2\/media\/5975"}],"wp:attachment":[{"href":"https:\/\/www.abchukuk.com\/index.php\/wp-json\/wp\/v2\/media?parent=5974"}],"wp:term":[{"taxonomy":"category","embeddable":true,"href":"https:\/\/www.abchukuk.com\/index.php\/wp-json\/wp\/v2\/categories?post=5974"},{"taxonomy":"post_tag","embeddable":true,"href":"https:\/\/www.abchukuk.com\/index.php\/wp-json\/wp\/v2\/tags?post=5974"}],"curies":[{"name":"wp","href":"https:\/\/api.w.org\/{rel}","templated":true}]}}