{"id":5966,"date":"2025-09-22T11:42:00","date_gmt":"2025-09-22T11:42:00","guid":{"rendered":"https:\/\/www.abchukuk.com\/index.php\/2025\/09\/22\/son-dakika-ozgur-celikin-yargilandigi-davada-durusma-23-subata-ertelendi\/"},"modified":"2025-09-22T11:42:00","modified_gmt":"2025-09-22T11:42:00","slug":"son-dakika-ozgur-celikin-yargilandigi-davada-durusma-23-subata-ertelendi","status":"publish","type":"post","link":"https:\/\/www.abchukuk.com\/index.php\/2025\/09\/22\/son-dakika-ozgur-celikin-yargilandigi-davada-durusma-23-subata-ertelendi\/","title":{"rendered":"Son dakika: \u00d6zg\u00fcr \u00c7elik&#8217;in yarg\u0131land\u0131\u011f\u0131 davada duru\u015fma 23 \u015eubat&#8217;a ertelendi"},"content":{"rendered":"<p>Son dakika&#8230; G\u00f6revden al\u0131nan CHP \u0130stanbul \u0130l Ba\u015fkan\u0131 \u00d6zg\u00fcr \u00c7elik&#8217;in de aralar\u0131nda bulundu\u011fu toplam 26 ki\u015finin ilk kez hakim kar\u015f\u0131s\u0131na \u00e7\u0131kt\u0131\u011f\u0131 dava 23 \u015eubat 2026&#8217;ya ertelendi.Son dakika&#8230; G\u00f6revden al\u0131nan CHP \u0130stanbul \u0130l Ba\u015fkan\u0131 \u00d6zg\u00fcr \u00c7elik&#8217;in de aralar\u0131nda bulundu\u011fu toplam 26 ki\u015finin ilk kez hakim kar\u015f\u0131s\u0131na \u00e7\u0131kt\u0131\u011f\u0131 dava 23 \u015eubat 2026&#8217;ya ertelendi.\u00a0<a href=\"https:\/\/www.dunya.com\/gundem\/son-dakika-ozgur-celikin-yargilandigi-davada-durusma-23-subata-ertelendi-haberi-795150\" target=\"_blank\" class=\"feedzy-rss-link-icon\">Read More<\/a><\/p>","protected":false},"excerpt":{"rendered":"<p>Son dakika&#8230; G\u00f6revden al\u0131nan CHP \u0130stanbul \u0130l Ba\u015fkan\u0131 \u00d6zg\u00fcr \u00c7elik&#8217;in de aralar\u0131nda bulundu\u011fu toplam 26 ki\u015finin ilk kez hakim kar\u015f\u0131s\u0131na \u00e7\u0131kt\u0131\u011f\u0131 dava 23 \u015eubat 2026&#8217;ya ertelendi.Son dakika&#8230; G\u00f6revden al\u0131nan CHP \u0130stanbul \u0130l Ba\u015fkan\u0131 \u00d6zg\u00fcr \u00c7elik&#8217;in de aralar\u0131nda bulundu\u011fu toplam 26 ki\u015finin ilk kez hakim kar\u015f\u0131s\u0131na \u00e7\u0131kt\u0131\u011f\u0131 dava 23 \u015eubat 2026&#8217;ya ertelendi.\u00a0Read More<\/p>\n","protected":false},"author":1,"featured_media":5967,"comment_status":"open","ping_status":"open","sticky":false,"template":"","format":"standard","meta":{"footnotes":"","_links_to":"","_links_to_target":""},"categories":[1],"tags":[],"class_list":["post-5966","post","type-post","status-publish","format-standard","has-post-thumbnail","hentry","category-haberler"],"_links":{"self":[{"href":"https:\/\/www.abchukuk.com\/index.php\/wp-json\/wp\/v2\/posts\/5966","targetHints":{"allow":["GET"]}}],"collection":[{"href":"https:\/\/www.abchukuk.com\/index.php\/wp-json\/wp\/v2\/posts"}],"about":[{"href":"https:\/\/www.abchukuk.com\/index.php\/wp-json\/wp\/v2\/types\/post"}],"author":[{"embeddable":true,"href":"https:\/\/www.abchukuk.com\/index.php\/wp-json\/wp\/v2\/users\/1"}],"replies":[{"embeddable":true,"href":"https:\/\/www.abchukuk.com\/index.php\/wp-json\/wp\/v2\/comments?post=5966"}],"version-history":[{"count":0,"href":"https:\/\/www.abchukuk.com\/index.php\/wp-json\/wp\/v2\/posts\/5966\/revisions"}],"wp:featuredmedia":[{"embeddable":true,"href":"https:\/\/www.abchukuk.com\/index.php\/wp-json\/wp\/v2\/media\/5967"}],"wp:attachment":[{"href":"https:\/\/www.abchukuk.com\/index.php\/wp-json\/wp\/v2\/media?parent=5966"}],"wp:term":[{"taxonomy":"category","embeddable":true,"href":"https:\/\/www.abchukuk.com\/index.php\/wp-json\/wp\/v2\/categories?post=5966"},{"taxonomy":"post_tag","embeddable":true,"href":"https:\/\/www.abchukuk.com\/index.php\/wp-json\/wp\/v2\/tags?post=5966"}],"curies":[{"name":"wp","href":"https:\/\/api.w.org\/{rel}","templated":true}]}}