{"id":5965,"date":"2025-09-22T11:50:59","date_gmt":"2025-09-22T11:50:59","guid":{"rendered":"https:\/\/www.abchukuk.com\/index.php\/2025\/09\/22\/mabel-matize-sorusturma-unlu-sarkici-ifade-vermek-icin-adliyede\/"},"modified":"2025-09-22T11:50:59","modified_gmt":"2025-09-22T11:50:59","slug":"mabel-matize-sorusturma-unlu-sarkici-ifade-vermek-icin-adliyede","status":"publish","type":"post","link":"https:\/\/www.abchukuk.com\/index.php\/2025\/09\/22\/mabel-matize-sorusturma-unlu-sarkici-ifade-vermek-icin-adliyede\/","title":{"rendered":"Mabel Matiz&#8217;e soru\u015fturma: \u00dcnl\u00fc \u015fark\u0131c\u0131 ifade vermek i\u00e7in adliyede"},"content":{"rendered":"<p>\u00dcnl\u00fc \u015fark\u0131c\u0131 Mabel Matiz hakk\u0131nda, yazd\u0131\u011f\u0131 \u201cPerperi\u015fan\u201d isimli \u015fark\u0131n\u0131n s\u00f6zleri nedeniyle \u0130\u00e7i\u015fleri Bakanl\u0131\u011f\u0131\u2019n\u0131n ba\u015fvurusu \u00fczerine \u0130stanbul Cumhuriyet Ba\u015fsavc\u0131l\u0131\u011f\u0131 taraf\u0131ndan m\u00fcstehcenlik su\u00e7lamas\u0131yla soru\u015fturma ba\u015flat\u0131ld\u0131. Matiz, ifade vermek \u00fczere adliyeye gitti.\u00dcnl\u00fc \u015fark\u0131c\u0131 Mabel Matiz hakk\u0131nda, yazd\u0131\u011f\u0131 \u201cPerperi\u015fan\u201d isimli \u015fark\u0131n\u0131n s\u00f6zleri nedeniyle \u0130\u00e7i\u015fleri Bakanl\u0131\u011f\u0131\u2019n\u0131n ba\u015fvurusu \u00fczerine \u0130stanbul Cumhuriyet Ba\u015fsavc\u0131l\u0131\u011f\u0131 taraf\u0131ndan m\u00fcstehcenlik su\u00e7lamas\u0131yla soru\u015fturma ba\u015flat\u0131ld\u0131. Matiz, ifade vermek \u00fczere adliyeye gitti.\u00a0<a href=\"https:\/\/anlatilaninotesi.com.tr\/20250922\/mabel-matize-sorusturma-unlu-sarkici-ifade-vermek-icin-adliyede-1099569826.html\" target=\"_blank\" class=\"feedzy-rss-link-icon\">Read More<\/a><\/p>","protected":false},"excerpt":{"rendered":"<p>\u00dcnl\u00fc \u015fark\u0131c\u0131 Mabel Matiz hakk\u0131nda, yazd\u0131\u011f\u0131 \u201cPerperi\u015fan\u201d isimli \u015fark\u0131n\u0131n s\u00f6zleri nedeniyle \u0130\u00e7i\u015fleri Bakanl\u0131\u011f\u0131\u2019n\u0131n ba\u015fvurusu \u00fczerine \u0130stanbul Cumhuriyet Ba\u015fsavc\u0131l\u0131\u011f\u0131 taraf\u0131ndan m\u00fcstehcenlik su\u00e7lamas\u0131yla soru\u015fturma ba\u015flat\u0131ld\u0131. Matiz, ifade vermek \u00fczere adliyeye gitti.\u00dcnl\u00fc \u015fark\u0131c\u0131 Mabel Matiz hakk\u0131nda, yazd\u0131\u011f\u0131 \u201cPerperi\u015fan\u201d isimli \u015fark\u0131n\u0131n s\u00f6zleri nedeniyle \u0130\u00e7i\u015fleri Bakanl\u0131\u011f\u0131\u2019n\u0131n ba\u015fvurusu \u00fczerine \u0130stanbul Cumhuriyet Ba\u015fsavc\u0131l\u0131\u011f\u0131 taraf\u0131ndan m\u00fcstehcenlik su\u00e7lamas\u0131yla soru\u015fturma ba\u015flat\u0131ld\u0131. Matiz, ifade vermek \u00fczere [&hellip;]<\/p>\n","protected":false},"author":1,"featured_media":0,"comment_status":"open","ping_status":"open","sticky":false,"template":"","format":"standard","meta":{"footnotes":"","_links_to":"","_links_to_target":""},"categories":[1],"tags":[],"class_list":["post-5965","post","type-post","status-publish","format-standard","hentry","category-haberler"],"_links":{"self":[{"href":"https:\/\/www.abchukuk.com\/index.php\/wp-json\/wp\/v2\/posts\/5965","targetHints":{"allow":["GET"]}}],"collection":[{"href":"https:\/\/www.abchukuk.com\/index.php\/wp-json\/wp\/v2\/posts"}],"about":[{"href":"https:\/\/www.abchukuk.com\/index.php\/wp-json\/wp\/v2\/types\/post"}],"author":[{"embeddable":true,"href":"https:\/\/www.abchukuk.com\/index.php\/wp-json\/wp\/v2\/users\/1"}],"replies":[{"embeddable":true,"href":"https:\/\/www.abchukuk.com\/index.php\/wp-json\/wp\/v2\/comments?post=5965"}],"version-history":[{"count":0,"href":"https:\/\/www.abchukuk.com\/index.php\/wp-json\/wp\/v2\/posts\/5965\/revisions"}],"wp:attachment":[{"href":"https:\/\/www.abchukuk.com\/index.php\/wp-json\/wp\/v2\/media?parent=5965"}],"wp:term":[{"taxonomy":"category","embeddable":true,"href":"https:\/\/www.abchukuk.com\/index.php\/wp-json\/wp\/v2\/categories?post=5965"},{"taxonomy":"post_tag","embeddable":true,"href":"https:\/\/www.abchukuk.com\/index.php\/wp-json\/wp\/v2\/tags?post=5965"}],"curies":[{"name":"wp","href":"https:\/\/api.w.org\/{rel}","templated":true}]}}