{"id":5963,"date":"2025-09-22T11:53:00","date_gmt":"2025-09-22T11:53:00","guid":{"rendered":"https:\/\/www.abchukuk.com\/index.php\/2025\/09\/22\/mabet-matiz-kimdir-kac-yasinda-ve-nereli-matiz-gozaltina-mi-alindi\/"},"modified":"2025-09-22T11:53:00","modified_gmt":"2025-09-22T11:53:00","slug":"mabet-matiz-kimdir-kac-yasinda-ve-nereli-matiz-gozaltina-mi-alindi","status":"publish","type":"post","link":"https:\/\/www.abchukuk.com\/index.php\/2025\/09\/22\/mabet-matiz-kimdir-kac-yasinda-ve-nereli-matiz-gozaltina-mi-alindi\/","title":{"rendered":"Mabet Matiz kimdir, ka\u00e7 ya\u015f\u0131nda ve nereli? Matiz g\u00f6zalt\u0131na m\u0131 al\u0131nd\u0131?"},"content":{"rendered":"<p>\u00dcnl\u00fc \u015fark\u0131c\u0131 Mabet Matiz ifadeye \u00e7a\u011fr\u0131ld\u0131. Matiz&#8217;in adliyeye \u00e7a\u011fr\u0131lmas\u0131n\u0131n ard\u0131ndan vatanda\u015flar bir\u00e7ok soru y\u00f6netmeye ba\u015flad\u0131. \u015eark\u0131c\u0131n\u0131n g\u00f6zalt\u0131na al\u0131n\u0131p al\u0131nmad\u0131\u011f\u0131 merak edilirken s\u0131k\u00e7a da &#8220;Mabet Matiz kimdir, ka\u00e7 ya\u015f\u0131nda ve nereli&#8221; sorusu gelmeye ba\u015flad\u0131.\u00dcnl\u00fc \u015fark\u0131c\u0131 Mabet Matiz ifadeye \u00e7a\u011fr\u0131ld\u0131. Matiz&#8217;in adliyeye \u00e7a\u011fr\u0131lmas\u0131n\u0131n ard\u0131ndan vatanda\u015flar bir\u00e7ok soru y\u00f6netmeye ba\u015flad\u0131. \u015eark\u0131c\u0131n\u0131n g\u00f6zalt\u0131na al\u0131n\u0131p al\u0131nmad\u0131\u011f\u0131 merak edilirken s\u0131k\u00e7a da &#8220;Mabet Matiz kimdir, ka\u00e7 ya\u015f\u0131nda ve nereli&#8221; sorusu gelmeye ba\u015flad\u0131.\u00a0<a href=\"https:\/\/www.dunya.com\/kultur-sanat\/mabet-matiz-kimdir-kac-yasinda-ve-nereli-matiz-gozaltina-mi-alindi-haberi-795153\" target=\"_blank\" class=\"feedzy-rss-link-icon\">Read More<\/a><\/p>","protected":false},"excerpt":{"rendered":"<p>\u00dcnl\u00fc \u015fark\u0131c\u0131 Mabet Matiz ifadeye \u00e7a\u011fr\u0131ld\u0131. Matiz&#8217;in adliyeye \u00e7a\u011fr\u0131lmas\u0131n\u0131n ard\u0131ndan vatanda\u015flar bir\u00e7ok soru y\u00f6netmeye ba\u015flad\u0131. \u015eark\u0131c\u0131n\u0131n g\u00f6zalt\u0131na al\u0131n\u0131p al\u0131nmad\u0131\u011f\u0131 merak edilirken s\u0131k\u00e7a da &#8220;Mabet Matiz kimdir, ka\u00e7 ya\u015f\u0131nda ve nereli&#8221; sorusu gelmeye ba\u015flad\u0131.\u00dcnl\u00fc \u015fark\u0131c\u0131 Mabet Matiz ifadeye \u00e7a\u011fr\u0131ld\u0131. Matiz&#8217;in adliyeye \u00e7a\u011fr\u0131lmas\u0131n\u0131n ard\u0131ndan vatanda\u015flar bir\u00e7ok soru y\u00f6netmeye ba\u015flad\u0131. \u015eark\u0131c\u0131n\u0131n g\u00f6zalt\u0131na al\u0131n\u0131p al\u0131nmad\u0131\u011f\u0131 merak edilirken s\u0131k\u00e7a da [&hellip;]<\/p>\n","protected":false},"author":1,"featured_media":5964,"comment_status":"open","ping_status":"open","sticky":false,"template":"","format":"standard","meta":{"footnotes":"","_links_to":"","_links_to_target":""},"categories":[1],"tags":[],"class_list":["post-5963","post","type-post","status-publish","format-standard","has-post-thumbnail","hentry","category-haberler"],"_links":{"self":[{"href":"https:\/\/www.abchukuk.com\/index.php\/wp-json\/wp\/v2\/posts\/5963","targetHints":{"allow":["GET"]}}],"collection":[{"href":"https:\/\/www.abchukuk.com\/index.php\/wp-json\/wp\/v2\/posts"}],"about":[{"href":"https:\/\/www.abchukuk.com\/index.php\/wp-json\/wp\/v2\/types\/post"}],"author":[{"embeddable":true,"href":"https:\/\/www.abchukuk.com\/index.php\/wp-json\/wp\/v2\/users\/1"}],"replies":[{"embeddable":true,"href":"https:\/\/www.abchukuk.com\/index.php\/wp-json\/wp\/v2\/comments?post=5963"}],"version-history":[{"count":0,"href":"https:\/\/www.abchukuk.com\/index.php\/wp-json\/wp\/v2\/posts\/5963\/revisions"}],"wp:featuredmedia":[{"embeddable":true,"href":"https:\/\/www.abchukuk.com\/index.php\/wp-json\/wp\/v2\/media\/5964"}],"wp:attachment":[{"href":"https:\/\/www.abchukuk.com\/index.php\/wp-json\/wp\/v2\/media?parent=5963"}],"wp:term":[{"taxonomy":"category","embeddable":true,"href":"https:\/\/www.abchukuk.com\/index.php\/wp-json\/wp\/v2\/categories?post=5963"},{"taxonomy":"post_tag","embeddable":true,"href":"https:\/\/www.abchukuk.com\/index.php\/wp-json\/wp\/v2\/tags?post=5963"}],"curies":[{"name":"wp","href":"https:\/\/api.w.org\/{rel}","templated":true}]}}