{"id":5954,"date":"2025-09-22T09:25:00","date_gmt":"2025-09-22T09:25:00","guid":{"rendered":"https:\/\/www.abchukuk.com\/index.php\/2025\/09\/22\/cevizlibagdaki-ataturk-kyk-kiz-yurdundaki-skandalda-yeni-gelisme-6-supheli-adliyeye-sevk-edildi\/"},"modified":"2025-09-22T09:25:00","modified_gmt":"2025-09-22T09:25:00","slug":"cevizlibagdaki-ataturk-kyk-kiz-yurdundaki-skandalda-yeni-gelisme-6-supheli-adliyeye-sevk-edildi","status":"publish","type":"post","link":"https:\/\/www.abchukuk.com\/index.php\/2025\/09\/22\/cevizlibagdaki-ataturk-kyk-kiz-yurdundaki-skandalda-yeni-gelisme-6-supheli-adliyeye-sevk-edildi\/","title":{"rendered":"Cevizliba\u011f&#8217;daki Atat\u00fcrk KYK K\u0131z Yurdu&#8217;ndaki skandalda yeni geli\u015fme: 6 \u015f\u00fcpheli adliyeye sevk edildi"},"content":{"rendered":"<p>\u0130stanbul Zeytinburnu&#8217;nda k\u0131z \u00f6\u011frenci yurdunda, \u00f6\u011frencilerin e\u015fyalar\u0131n\u0131n \u00e7al\u0131nmas\u0131 ve dolaplara taciz i\u00e7erikli mesajlar\u0131n yaz\u0131lmas\u0131 iddias\u0131yla Bak\u0131rk\u00f6y Cumhuriyet Ba\u015fsavc\u0131l\u0131\u011f\u0131nca ba\u015flat\u0131lan soru\u015fturma kapsam\u0131nda g\u00f6zalt\u0131na al\u0131nan 6 \u015f\u00fcpheli adliyeye sevk edildi.\u0130stanbul Zeytinburnu&#8217;nda k\u0131z \u00f6\u011frenci yurdunda, \u00f6\u011frencilerin e\u015fyalar\u0131n\u0131n \u00e7al\u0131nmas\u0131 ve dolaplara taciz i\u00e7erikli mesajlar\u0131n yaz\u0131lmas\u0131 iddias\u0131yla Bak\u0131rk\u00f6y Cumhuriyet Ba\u015fsavc\u0131l\u0131\u011f\u0131nca ba\u015flat\u0131lan soru\u015fturma kapsam\u0131nda g\u00f6zalt\u0131na al\u0131nan 6 \u015f\u00fcpheli adliyeye sevk edildi.\u00a0<a href=\"https:\/\/www.cumhuriyet.com.tr\/turkiye\/cevizlibag-daki-ataturk-kyk-kiz-yurdu-ndaki-skandalda-yeni-gelisme-6-supheli-adliyeye-sevk-edildi-2437236\" target=\"_blank\" class=\"feedzy-rss-link-icon\">Read More<\/a><\/p>","protected":false},"excerpt":{"rendered":"<p>\u0130stanbul Zeytinburnu&#8217;nda k\u0131z \u00f6\u011frenci yurdunda, \u00f6\u011frencilerin e\u015fyalar\u0131n\u0131n \u00e7al\u0131nmas\u0131 ve dolaplara taciz i\u00e7erikli mesajlar\u0131n yaz\u0131lmas\u0131 iddias\u0131yla Bak\u0131rk\u00f6y Cumhuriyet Ba\u015fsavc\u0131l\u0131\u011f\u0131nca ba\u015flat\u0131lan soru\u015fturma kapsam\u0131nda g\u00f6zalt\u0131na al\u0131nan 6 \u015f\u00fcpheli adliyeye sevk edildi.\u0130stanbul Zeytinburnu&#8217;nda k\u0131z \u00f6\u011frenci yurdunda, \u00f6\u011frencilerin e\u015fyalar\u0131n\u0131n \u00e7al\u0131nmas\u0131 ve dolaplara taciz i\u00e7erikli mesajlar\u0131n yaz\u0131lmas\u0131 iddias\u0131yla Bak\u0131rk\u00f6y Cumhuriyet Ba\u015fsavc\u0131l\u0131\u011f\u0131nca ba\u015flat\u0131lan soru\u015fturma kapsam\u0131nda g\u00f6zalt\u0131na al\u0131nan 6 \u015f\u00fcpheli adliyeye sevk edildi.\u00a0Read [&hellip;]<\/p>\n","protected":false},"author":1,"featured_media":5955,"comment_status":"open","ping_status":"open","sticky":false,"template":"","format":"standard","meta":{"footnotes":"","_links_to":"","_links_to_target":""},"categories":[1],"tags":[],"class_list":["post-5954","post","type-post","status-publish","format-standard","has-post-thumbnail","hentry","category-haberler"],"_links":{"self":[{"href":"https:\/\/www.abchukuk.com\/index.php\/wp-json\/wp\/v2\/posts\/5954","targetHints":{"allow":["GET"]}}],"collection":[{"href":"https:\/\/www.abchukuk.com\/index.php\/wp-json\/wp\/v2\/posts"}],"about":[{"href":"https:\/\/www.abchukuk.com\/index.php\/wp-json\/wp\/v2\/types\/post"}],"author":[{"embeddable":true,"href":"https:\/\/www.abchukuk.com\/index.php\/wp-json\/wp\/v2\/users\/1"}],"replies":[{"embeddable":true,"href":"https:\/\/www.abchukuk.com\/index.php\/wp-json\/wp\/v2\/comments?post=5954"}],"version-history":[{"count":0,"href":"https:\/\/www.abchukuk.com\/index.php\/wp-json\/wp\/v2\/posts\/5954\/revisions"}],"wp:featuredmedia":[{"embeddable":true,"href":"https:\/\/www.abchukuk.com\/index.php\/wp-json\/wp\/v2\/media\/5955"}],"wp:attachment":[{"href":"https:\/\/www.abchukuk.com\/index.php\/wp-json\/wp\/v2\/media?parent=5954"}],"wp:term":[{"taxonomy":"category","embeddable":true,"href":"https:\/\/www.abchukuk.com\/index.php\/wp-json\/wp\/v2\/categories?post=5954"},{"taxonomy":"post_tag","embeddable":true,"href":"https:\/\/www.abchukuk.com\/index.php\/wp-json\/wp\/v2\/tags?post=5954"}],"curies":[{"name":"wp","href":"https:\/\/api.w.org\/{rel}","templated":true}]}}