{"id":5949,"date":"2025-09-22T09:37:00","date_gmt":"2025-09-22T09:37:00","guid":{"rendered":"https:\/\/www.abchukuk.com\/index.php\/2025\/09\/22\/umut-davasinda-13-durusma-mehmet-agar-ilk-kez-ifade-verdi\/"},"modified":"2025-09-22T09:37:00","modified_gmt":"2025-09-22T09:37:00","slug":"umut-davasinda-13-durusma-mehmet-agar-ilk-kez-ifade-verdi","status":"publish","type":"post","link":"https:\/\/www.abchukuk.com\/index.php\/2025\/09\/22\/umut-davasinda-13-durusma-mehmet-agar-ilk-kez-ifade-verdi\/","title":{"rendered":"Umut Davas\u0131&#8217;nda 13. Duru\u015fma\u2026 Mehmet A\u011far \u0130lk Kez \u0130fade Verdi"},"content":{"rendered":"<p><a href=\"https:\/\/www.gercekgundem.com\/guncel\/umut-davasi-ertelendi-mehmet-agar-ifade-verdi-556404\"><br \/>\n                                                            <img decoding=\"async\" src=\"https:\/\/i.gercekgundem.com\/2\/150\/84\/storage\/files\/images\/2025\/09\/22\/umut-davasi-ertelendi-mehmet-agar-ifade-verdi-l5ru.jpg\" width=\"150\" height=\"84\" border=\"0\" align=\"right\" \/><br \/>\n                                                    <\/a><\/p>\n<h4>U\u011fur Mumcu cinayeti davas\u0131nda Mehmet A\u011far, 32 y\u0131l sonra tan\u0131k olarak dinlendi: A\u011far, G\u00fcldal Mumcu\u2019ya \u201cTu\u011flay\u0131 \u00e7ekersem duvar y\u0131k\u0131l\u0131r\u201d demedi\u011fini iddia etti. Duru\u015fma 9 \u015eubat&#8217;a ertelendi.<\/h4>\n<p>U\u011fur Mumcu cinayeti davas\u0131nda Mehmet A\u011far, 32 y\u0131l sonra tan\u0131k olarak dinlendi: A\u011far, G\u00fcldal Mumcu\u2019ya \u201cTu\u011flay\u0131 \u00e7ekersem duvar y\u0131k\u0131l\u0131r\u201d demedi\u011fini iddia etti. Duru\u015fma 9 \u015eubat&#8217;a ertelendi.\u00a0<a href=\"https:\/\/www.gercekgundem.com\/guncel\/umut-davasi-ertelendi-mehmet-agar-ifade-verdi-556404\" target=\"_blank\" class=\"feedzy-rss-link-icon\">Read More<\/a><\/p>","protected":false},"excerpt":{"rendered":"<p>U\u011fur Mumcu cinayeti davas\u0131nda Mehmet A\u011far, 32 y\u0131l sonra tan\u0131k olarak dinlendi: A\u011far, G\u00fcldal Mumcu\u2019ya \u201cTu\u011flay\u0131 \u00e7ekersem duvar y\u0131k\u0131l\u0131r\u201d demedi\u011fini iddia etti. Duru\u015fma 9 \u015eubat&#8217;a ertelendi. U\u011fur Mumcu cinayeti davas\u0131nda Mehmet A\u011far, 32 y\u0131l sonra tan\u0131k olarak dinlendi: A\u011far, G\u00fcldal Mumcu\u2019ya \u201cTu\u011flay\u0131 \u00e7ekersem duvar y\u0131k\u0131l\u0131r\u201d demedi\u011fini iddia etti. Duru\u015fma 9 \u015eubat&#8217;a ertelendi.\u00a0Read More<\/p>\n","protected":false},"author":1,"featured_media":5950,"comment_status":"open","ping_status":"open","sticky":false,"template":"","format":"standard","meta":{"footnotes":"","_links_to":"","_links_to_target":""},"categories":[1],"tags":[],"class_list":["post-5949","post","type-post","status-publish","format-standard","has-post-thumbnail","hentry","category-haberler"],"_links":{"self":[{"href":"https:\/\/www.abchukuk.com\/index.php\/wp-json\/wp\/v2\/posts\/5949","targetHints":{"allow":["GET"]}}],"collection":[{"href":"https:\/\/www.abchukuk.com\/index.php\/wp-json\/wp\/v2\/posts"}],"about":[{"href":"https:\/\/www.abchukuk.com\/index.php\/wp-json\/wp\/v2\/types\/post"}],"author":[{"embeddable":true,"href":"https:\/\/www.abchukuk.com\/index.php\/wp-json\/wp\/v2\/users\/1"}],"replies":[{"embeddable":true,"href":"https:\/\/www.abchukuk.com\/index.php\/wp-json\/wp\/v2\/comments?post=5949"}],"version-history":[{"count":0,"href":"https:\/\/www.abchukuk.com\/index.php\/wp-json\/wp\/v2\/posts\/5949\/revisions"}],"wp:featuredmedia":[{"embeddable":true,"href":"https:\/\/www.abchukuk.com\/index.php\/wp-json\/wp\/v2\/media\/5950"}],"wp:attachment":[{"href":"https:\/\/www.abchukuk.com\/index.php\/wp-json\/wp\/v2\/media?parent=5949"}],"wp:term":[{"taxonomy":"category","embeddable":true,"href":"https:\/\/www.abchukuk.com\/index.php\/wp-json\/wp\/v2\/categories?post=5949"},{"taxonomy":"post_tag","embeddable":true,"href":"https:\/\/www.abchukuk.com\/index.php\/wp-json\/wp\/v2\/tags?post=5949"}],"curies":[{"name":"wp","href":"https:\/\/api.w.org\/{rel}","templated":true}]}}