{"id":5945,"date":"2025-09-22T09:49:00","date_gmt":"2025-09-22T09:49:00","guid":{"rendered":"https:\/\/www.abchukuk.com\/index.php\/2025\/09\/22\/anayasa-mahkemesinden-kritik-karar-beyaz-yakali-calisanlar-o-haktan-yararlanacak\/"},"modified":"2025-09-22T09:49:00","modified_gmt":"2025-09-22T09:49:00","slug":"anayasa-mahkemesinden-kritik-karar-beyaz-yakali-calisanlar-o-haktan-yararlanacak","status":"publish","type":"post","link":"https:\/\/www.abchukuk.com\/index.php\/2025\/09\/22\/anayasa-mahkemesinden-kritik-karar-beyaz-yakali-calisanlar-o-haktan-yararlanacak\/","title":{"rendered":"Anayasa Mahkemesi\u2019nden kritik karar: Beyaz yakal\u0131 \u00e7al\u0131\u015fanlar o haktan yararlanacak!"},"content":{"rendered":"<p>AYM, beyaz yakal\u0131 bir \u00e7al\u0131\u015fan\u0131n toplu i\u015f s\u00f6zle\u015fmesinden yararland\u0131r\u0131lmamas\u0131n\u0131 sendika hakk\u0131 ihlali sayd\u0131. Mahkeme, \u00e7al\u0131\u015fan lehine manevi tazminat \u00f6denmesine karar verdi. Karar, T\u0130S haklar\u0131n\u0131n t\u00fcm \u00e7al\u0131\u015fanlar i\u00e7in e\u015fit \u015fekilde uygulanmas\u0131 gerekti\u011fini bir kez daha ortaya koydu.AYM, beyaz yakal\u0131 bir \u00e7al\u0131\u015fan\u0131n toplu i\u015f s\u00f6zle\u015fmesinden yararland\u0131r\u0131lmamas\u0131n\u0131 sendika hakk\u0131 ihlali sayd\u0131. Mahkeme, \u00e7al\u0131\u015fan lehine manevi tazminat \u00f6denmesine karar verdi. Karar, T\u0130S haklar\u0131n\u0131n t\u00fcm \u00e7al\u0131\u015fanlar i\u00e7in e\u015fit \u015fekilde uygulanmas\u0131 gerekti\u011fini bir kez daha ortaya koydu.\u00a0<a href=\"https:\/\/www.cumhuriyet.com.tr\/ekonomi\/anayasa-mahkemesi-nden-kritik-karar-beyaz-yakali-calisanlar-o-haktan-yararlanacak-2437247\" target=\"_blank\" class=\"feedzy-rss-link-icon\">Read More<\/a><\/p>","protected":false},"excerpt":{"rendered":"<p>AYM, beyaz yakal\u0131 bir \u00e7al\u0131\u015fan\u0131n toplu i\u015f s\u00f6zle\u015fmesinden yararland\u0131r\u0131lmamas\u0131n\u0131 sendika hakk\u0131 ihlali sayd\u0131. Mahkeme, \u00e7al\u0131\u015fan lehine manevi tazminat \u00f6denmesine karar verdi. Karar, T\u0130S haklar\u0131n\u0131n t\u00fcm \u00e7al\u0131\u015fanlar i\u00e7in e\u015fit \u015fekilde uygulanmas\u0131 gerekti\u011fini bir kez daha ortaya koydu.AYM, beyaz yakal\u0131 bir \u00e7al\u0131\u015fan\u0131n toplu i\u015f s\u00f6zle\u015fmesinden yararland\u0131r\u0131lmamas\u0131n\u0131 sendika hakk\u0131 ihlali sayd\u0131. Mahkeme, \u00e7al\u0131\u015fan lehine manevi tazminat \u00f6denmesine karar [&hellip;]<\/p>\n","protected":false},"author":1,"featured_media":5946,"comment_status":"open","ping_status":"open","sticky":false,"template":"","format":"standard","meta":{"footnotes":"","_links_to":"","_links_to_target":""},"categories":[1],"tags":[],"class_list":["post-5945","post","type-post","status-publish","format-standard","has-post-thumbnail","hentry","category-haberler"],"_links":{"self":[{"href":"https:\/\/www.abchukuk.com\/index.php\/wp-json\/wp\/v2\/posts\/5945","targetHints":{"allow":["GET"]}}],"collection":[{"href":"https:\/\/www.abchukuk.com\/index.php\/wp-json\/wp\/v2\/posts"}],"about":[{"href":"https:\/\/www.abchukuk.com\/index.php\/wp-json\/wp\/v2\/types\/post"}],"author":[{"embeddable":true,"href":"https:\/\/www.abchukuk.com\/index.php\/wp-json\/wp\/v2\/users\/1"}],"replies":[{"embeddable":true,"href":"https:\/\/www.abchukuk.com\/index.php\/wp-json\/wp\/v2\/comments?post=5945"}],"version-history":[{"count":0,"href":"https:\/\/www.abchukuk.com\/index.php\/wp-json\/wp\/v2\/posts\/5945\/revisions"}],"wp:featuredmedia":[{"embeddable":true,"href":"https:\/\/www.abchukuk.com\/index.php\/wp-json\/wp\/v2\/media\/5946"}],"wp:attachment":[{"href":"https:\/\/www.abchukuk.com\/index.php\/wp-json\/wp\/v2\/media?parent=5945"}],"wp:term":[{"taxonomy":"category","embeddable":true,"href":"https:\/\/www.abchukuk.com\/index.php\/wp-json\/wp\/v2\/categories?post=5945"},{"taxonomy":"post_tag","embeddable":true,"href":"https:\/\/www.abchukuk.com\/index.php\/wp-json\/wp\/v2\/tags?post=5945"}],"curies":[{"name":"wp","href":"https:\/\/api.w.org\/{rel}","templated":true}]}}