{"id":5943,"date":"2025-09-22T07:22:00","date_gmt":"2025-09-22T07:22:00","guid":{"rendered":"https:\/\/www.abchukuk.com\/index.php\/2025\/09\/22\/ilk-kez-hakim-karsisina-cikti-chp-istanbul-il-baskani-ozgur-celikten-carpici-savunma-yargilandigi-davanin-nedenini-acikladi\/"},"modified":"2025-09-22T07:22:00","modified_gmt":"2025-09-22T07:22:00","slug":"ilk-kez-hakim-karsisina-cikti-chp-istanbul-il-baskani-ozgur-celikten-carpici-savunma-yargilandigi-davanin-nedenini-acikladi","status":"publish","type":"post","link":"https:\/\/www.abchukuk.com\/index.php\/2025\/09\/22\/ilk-kez-hakim-karsisina-cikti-chp-istanbul-il-baskani-ozgur-celikten-carpici-savunma-yargilandigi-davanin-nedenini-acikladi\/","title":{"rendered":"\u0130lk kez hakim kar\u015f\u0131s\u0131na \u00e7\u0131kt\u0131&#8230; CHP \u0130stanbul \u0130l Ba\u015fkan\u0131 \u00d6zg\u00fcr \u00c7elik&#8217;ten \u00e7arp\u0131c\u0131 savunma: Yarg\u0131land\u0131\u011f\u0131 davan\u0131n &#8216;nedenini&#8217; a\u00e7\u0131klad\u0131!"},"content":{"rendered":"<p>Tutuklu \u0130BB Ba\u015fkan\u0131 ve CHP\u2019nin Cumhurba\u015fkan\u0131 aday\u0131 Ekrem \u0130mamo\u011flu\u2019nun 31 Ocak\u2019ta \u0130stanbul Adliyesi\u2019ne ifade vermeye geldi\u011fi s\u0131rada adliye \u00f6n\u00fcnde polise mukavemet etti\u011fi iddia edilen ve aralar\u0131nda mahkeme karar\u0131yla g\u00f6revden uzakla\u015ft\u0131r\u0131lan CHP \u0130stanbul \u0130l Ba\u015fkan\u0131 \u00d6zg\u00fcr \u00c7elik\u2019in de bulundu\u011fu toplam 26 ki\u015fi ilk kez hakim kar\u015f\u0131s\u0131na \u00e7\u0131kt\u0131. Savunmaya ilk olarak \u00c7elik ba\u015flad\u0131. Duru\u015fmay\u0131 \u00d6zg\u00fcr \u00d6zel de takip ediyor.Tutuklu \u0130BB Ba\u015fkan\u0131 ve CHP\u2019nin Cumhurba\u015fkan\u0131 aday\u0131 Ekrem \u0130mamo\u011flu\u2019nun 31 Ocak\u2019ta \u0130stanbul Adliyesi\u2019ne ifade vermeye geldi\u011fi s\u0131rada adliye \u00f6n\u00fcnde polise mukavemet etti\u011fi iddia edilen ve aralar\u0131nda mahkeme karar\u0131yla g\u00f6revden uzakla\u015ft\u0131r\u0131lan CHP \u0130stanbul \u0130l Ba\u015fkan\u0131 \u00d6zg\u00fcr \u00c7elik\u2019in de bulundu\u011fu toplam 26 ki\u015fi ilk kez hakim kar\u015f\u0131s\u0131na \u00e7\u0131kt\u0131. Savunmaya ilk olarak \u00c7elik ba\u015flad\u0131. Duru\u015fmay\u0131 \u00d6zg\u00fcr \u00d6zel de takip ediyor.\u00a0<a href=\"https:\/\/www.cumhuriyet.com.tr\/siyaset\/ilk-kez-hakim-karsisina-cikti-chp-istanbul-il-baskani-ozgur-celik-ten-carpici-savunma-yargilandigi-davanin-nedenini-acikladi-2437174\" target=\"_blank\" class=\"feedzy-rss-link-icon\">Read More<\/a><\/p>","protected":false},"excerpt":{"rendered":"<p>Tutuklu \u0130BB Ba\u015fkan\u0131 ve CHP\u2019nin Cumhurba\u015fkan\u0131 aday\u0131 Ekrem \u0130mamo\u011flu\u2019nun 31 Ocak\u2019ta \u0130stanbul Adliyesi\u2019ne ifade vermeye geldi\u011fi s\u0131rada adliye \u00f6n\u00fcnde polise mukavemet etti\u011fi iddia edilen ve aralar\u0131nda mahkeme karar\u0131yla g\u00f6revden uzakla\u015ft\u0131r\u0131lan CHP \u0130stanbul \u0130l Ba\u015fkan\u0131 \u00d6zg\u00fcr \u00c7elik\u2019in de bulundu\u011fu toplam 26 ki\u015fi ilk kez hakim kar\u015f\u0131s\u0131na \u00e7\u0131kt\u0131. Savunmaya ilk olarak \u00c7elik ba\u015flad\u0131. Duru\u015fmay\u0131 \u00d6zg\u00fcr \u00d6zel de [&hellip;]<\/p>\n","protected":false},"author":1,"featured_media":5944,"comment_status":"open","ping_status":"open","sticky":false,"template":"","format":"standard","meta":{"footnotes":"","_links_to":"","_links_to_target":""},"categories":[1],"tags":[],"class_list":["post-5943","post","type-post","status-publish","format-standard","has-post-thumbnail","hentry","category-haberler"],"_links":{"self":[{"href":"https:\/\/www.abchukuk.com\/index.php\/wp-json\/wp\/v2\/posts\/5943","targetHints":{"allow":["GET"]}}],"collection":[{"href":"https:\/\/www.abchukuk.com\/index.php\/wp-json\/wp\/v2\/posts"}],"about":[{"href":"https:\/\/www.abchukuk.com\/index.php\/wp-json\/wp\/v2\/types\/post"}],"author":[{"embeddable":true,"href":"https:\/\/www.abchukuk.com\/index.php\/wp-json\/wp\/v2\/users\/1"}],"replies":[{"embeddable":true,"href":"https:\/\/www.abchukuk.com\/index.php\/wp-json\/wp\/v2\/comments?post=5943"}],"version-history":[{"count":0,"href":"https:\/\/www.abchukuk.com\/index.php\/wp-json\/wp\/v2\/posts\/5943\/revisions"}],"wp:featuredmedia":[{"embeddable":true,"href":"https:\/\/www.abchukuk.com\/index.php\/wp-json\/wp\/v2\/media\/5944"}],"wp:attachment":[{"href":"https:\/\/www.abchukuk.com\/index.php\/wp-json\/wp\/v2\/media?parent=5943"}],"wp:term":[{"taxonomy":"category","embeddable":true,"href":"https:\/\/www.abchukuk.com\/index.php\/wp-json\/wp\/v2\/categories?post=5943"},{"taxonomy":"post_tag","embeddable":true,"href":"https:\/\/www.abchukuk.com\/index.php\/wp-json\/wp\/v2\/tags?post=5943"}],"curies":[{"name":"wp","href":"https:\/\/api.w.org\/{rel}","templated":true}]}}