{"id":5939,"date":"2025-09-22T08:09:00","date_gmt":"2025-09-22T08:09:00","guid":{"rendered":"https:\/\/www.abchukuk.com\/index.php\/2025\/09\/22\/akpli-yahsihan-belediye-baskani-ahmet-sungur-adliyeye-sevk-edildi\/"},"modified":"2025-09-22T08:09:00","modified_gmt":"2025-09-22T08:09:00","slug":"akpli-yahsihan-belediye-baskani-ahmet-sungur-adliyeye-sevk-edildi","status":"publish","type":"post","link":"https:\/\/www.abchukuk.com\/index.php\/2025\/09\/22\/akpli-yahsihan-belediye-baskani-ahmet-sungur-adliyeye-sevk-edildi\/","title":{"rendered":"AKP&#8217;li Yah\u015fihan Belediye Ba\u015fkan\u0131 Ahmet Sungur Adliyeye Sevk Edildi"},"content":{"rendered":"<p><a href=\"https:\/\/www.gercekgundem.com\/guncel\/akpli-yahsihan-belediye-baskani-ahmet-sungur-adliyeye-sevk-edildi-556382\"><br \/>\n                                                            <img decoding=\"async\" src=\"https:\/\/i.gercekgundem.com\/2\/150\/84\/storage\/files\/images\/2025\/09\/22\/akpli-yahsihan-belediye-baskani-ahmet-sungur-adliyeye-sevk-edildi-ev0c.jpg\" width=\"150\" height=\"84\" border=\"0\" align=\"right\" \/><br \/>\n                                                    <\/a><\/p>\n<h4>K\u0131r\u0131kkale&#8217;de Yah\u015fihan Belediyesi\u2019ne y\u00f6nelik y\u00fcr\u00fct\u00fclen &#8220;icbar yoluyla irtikap&#8221; soru\u015fturmas\u0131 kapsam\u0131nda g\u00f6zalt\u0131na al\u0131nan Yah\u015fihan Belediye Ba\u015fkan\u0131 Ahmet Sungur ile birlikte 8 \u015f\u00fcpheli, emniyetteki i\u015flemlerinin ard\u0131ndan adliyeye sevk edildi.<\/h4>\n<p>K\u0131r\u0131kkale&#8217;de Yah\u015fihan Belediyesi\u2019ne y\u00f6nelik y\u00fcr\u00fct\u00fclen &#8220;icbar yoluyla irtikap&#8221; soru\u015fturmas\u0131 kapsam\u0131nda g\u00f6zalt\u0131na al\u0131nan Yah\u015fihan Belediye Ba\u015fkan\u0131 Ahmet Sungur ile birlikte 8 \u015f\u00fcpheli, emniyetteki i\u015flemlerinin ard\u0131ndan adliyeye sevk edildi.\u00a0<a href=\"https:\/\/www.gercekgundem.com\/guncel\/akpli-yahsihan-belediye-baskani-ahmet-sungur-adliyeye-sevk-edildi-556382\" target=\"_blank\" class=\"feedzy-rss-link-icon\">Read More<\/a><\/p>","protected":false},"excerpt":{"rendered":"<p>K\u0131r\u0131kkale&#8217;de Yah\u015fihan Belediyesi\u2019ne y\u00f6nelik y\u00fcr\u00fct\u00fclen &#8220;icbar yoluyla irtikap&#8221; soru\u015fturmas\u0131 kapsam\u0131nda g\u00f6zalt\u0131na al\u0131nan Yah\u015fihan Belediye Ba\u015fkan\u0131 Ahmet Sungur ile birlikte 8 \u015f\u00fcpheli, emniyetteki i\u015flemlerinin ard\u0131ndan adliyeye sevk edildi. K\u0131r\u0131kkale&#8217;de Yah\u015fihan Belediyesi\u2019ne y\u00f6nelik y\u00fcr\u00fct\u00fclen &#8220;icbar yoluyla irtikap&#8221; soru\u015fturmas\u0131 kapsam\u0131nda g\u00f6zalt\u0131na al\u0131nan Yah\u015fihan Belediye Ba\u015fkan\u0131 Ahmet Sungur ile birlikte 8 \u015f\u00fcpheli, emniyetteki i\u015flemlerinin ard\u0131ndan adliyeye sevk edildi.\u00a0Read More<\/p>\n","protected":false},"author":1,"featured_media":5940,"comment_status":"open","ping_status":"open","sticky":false,"template":"","format":"standard","meta":{"footnotes":"","_links_to":"","_links_to_target":""},"categories":[1],"tags":[],"class_list":["post-5939","post","type-post","status-publish","format-standard","has-post-thumbnail","hentry","category-haberler"],"_links":{"self":[{"href":"https:\/\/www.abchukuk.com\/index.php\/wp-json\/wp\/v2\/posts\/5939","targetHints":{"allow":["GET"]}}],"collection":[{"href":"https:\/\/www.abchukuk.com\/index.php\/wp-json\/wp\/v2\/posts"}],"about":[{"href":"https:\/\/www.abchukuk.com\/index.php\/wp-json\/wp\/v2\/types\/post"}],"author":[{"embeddable":true,"href":"https:\/\/www.abchukuk.com\/index.php\/wp-json\/wp\/v2\/users\/1"}],"replies":[{"embeddable":true,"href":"https:\/\/www.abchukuk.com\/index.php\/wp-json\/wp\/v2\/comments?post=5939"}],"version-history":[{"count":0,"href":"https:\/\/www.abchukuk.com\/index.php\/wp-json\/wp\/v2\/posts\/5939\/revisions"}],"wp:featuredmedia":[{"embeddable":true,"href":"https:\/\/www.abchukuk.com\/index.php\/wp-json\/wp\/v2\/media\/5940"}],"wp:attachment":[{"href":"https:\/\/www.abchukuk.com\/index.php\/wp-json\/wp\/v2\/media?parent=5939"}],"wp:term":[{"taxonomy":"category","embeddable":true,"href":"https:\/\/www.abchukuk.com\/index.php\/wp-json\/wp\/v2\/categories?post=5939"},{"taxonomy":"post_tag","embeddable":true,"href":"https:\/\/www.abchukuk.com\/index.php\/wp-json\/wp\/v2\/tags?post=5939"}],"curies":[{"name":"wp","href":"https:\/\/api.w.org\/{rel}","templated":true}]}}