{"id":5927,"date":"2025-09-22T07:22:00","date_gmt":"2025-09-22T07:22:00","guid":{"rendered":"https:\/\/www.abchukuk.com\/index.php\/2025\/09\/22\/chp-istanbul-il-baskani-ozgur-celik-hakim-karsisinda-ozgur-ozel-destek-icin-adliyede\/"},"modified":"2025-09-22T07:22:00","modified_gmt":"2025-09-22T07:22:00","slug":"chp-istanbul-il-baskani-ozgur-celik-hakim-karsisinda-ozgur-ozel-destek-icin-adliyede","status":"publish","type":"post","link":"https:\/\/www.abchukuk.com\/index.php\/2025\/09\/22\/chp-istanbul-il-baskani-ozgur-celik-hakim-karsisinda-ozgur-ozel-destek-icin-adliyede\/","title":{"rendered":"CHP \u0130stanbul \u0130l Ba\u015fkan\u0131 \u00d6zg\u00fcr \u00c7elik hakim kar\u015f\u0131s\u0131nda: \u00d6zg\u00fcr \u00d6zel destek i\u00e7in adliyede!"},"content":{"rendered":"<p>CHP \u0130stanbul \u0130l Ba\u015fkan\u0131 \u00d6zg\u00fcr \u00c7elik, CHP \u0130stanbul Gen\u00e7lik Kollar\u0131 Ba\u015fkan\u0131 Erdem Kara ve aralar\u0131nda CHP il\u00e7e ba\u015fkanlar\u0131 ile y\u00f6neticilerinin de oldu\u011fu 26 ki\u015fi bug\u00fcn \u00c7a\u011flayan Adliyesi\u2019nde hakim kar\u015f\u0131s\u0131nda. Duru\u015fmay\u0131, CHP lideri \u00d6zg\u00fcr \u00d6zel de takip ediyor.CHP \u0130stanbul \u0130l Ba\u015fkan\u0131 \u00d6zg\u00fcr \u00c7elik, CHP \u0130stanbul Gen\u00e7lik Kollar\u0131 Ba\u015fkan\u0131 Erdem Kara ve aralar\u0131nda CHP il\u00e7e ba\u015fkanlar\u0131 ile y\u00f6neticilerinin de oldu\u011fu 26 ki\u015fi bug\u00fcn \u00c7a\u011flayan Adliyesi\u2019nde hakim kar\u015f\u0131s\u0131nda. Duru\u015fmay\u0131, CHP lideri \u00d6zg\u00fcr \u00d6zel de takip ediyor.\u00a0<a href=\"https:\/\/www.cumhuriyet.com.tr\/siyaset\/chp-istanbul-il-baskani-ozgur-celik-hakim-karsisinda-ozgur-ozel-destek-icin-adliyede-2437174\" target=\"_blank\" class=\"feedzy-rss-link-icon\">Read More<\/a><\/p>","protected":false},"excerpt":{"rendered":"<p>CHP \u0130stanbul \u0130l Ba\u015fkan\u0131 \u00d6zg\u00fcr \u00c7elik, CHP \u0130stanbul Gen\u00e7lik Kollar\u0131 Ba\u015fkan\u0131 Erdem Kara ve aralar\u0131nda CHP il\u00e7e ba\u015fkanlar\u0131 ile y\u00f6neticilerinin de oldu\u011fu 26 ki\u015fi bug\u00fcn \u00c7a\u011flayan Adliyesi\u2019nde hakim kar\u015f\u0131s\u0131nda. Duru\u015fmay\u0131, CHP lideri \u00d6zg\u00fcr \u00d6zel de takip ediyor.CHP \u0130stanbul \u0130l Ba\u015fkan\u0131 \u00d6zg\u00fcr \u00c7elik, CHP \u0130stanbul Gen\u00e7lik Kollar\u0131 Ba\u015fkan\u0131 Erdem Kara ve aralar\u0131nda CHP il\u00e7e ba\u015fkanlar\u0131 ile [&hellip;]<\/p>\n","protected":false},"author":1,"featured_media":5928,"comment_status":"open","ping_status":"open","sticky":false,"template":"","format":"standard","meta":{"footnotes":"","_links_to":"","_links_to_target":""},"categories":[1],"tags":[],"class_list":["post-5927","post","type-post","status-publish","format-standard","has-post-thumbnail","hentry","category-haberler"],"_links":{"self":[{"href":"https:\/\/www.abchukuk.com\/index.php\/wp-json\/wp\/v2\/posts\/5927","targetHints":{"allow":["GET"]}}],"collection":[{"href":"https:\/\/www.abchukuk.com\/index.php\/wp-json\/wp\/v2\/posts"}],"about":[{"href":"https:\/\/www.abchukuk.com\/index.php\/wp-json\/wp\/v2\/types\/post"}],"author":[{"embeddable":true,"href":"https:\/\/www.abchukuk.com\/index.php\/wp-json\/wp\/v2\/users\/1"}],"replies":[{"embeddable":true,"href":"https:\/\/www.abchukuk.com\/index.php\/wp-json\/wp\/v2\/comments?post=5927"}],"version-history":[{"count":0,"href":"https:\/\/www.abchukuk.com\/index.php\/wp-json\/wp\/v2\/posts\/5927\/revisions"}],"wp:featuredmedia":[{"embeddable":true,"href":"https:\/\/www.abchukuk.com\/index.php\/wp-json\/wp\/v2\/media\/5928"}],"wp:attachment":[{"href":"https:\/\/www.abchukuk.com\/index.php\/wp-json\/wp\/v2\/media?parent=5927"}],"wp:term":[{"taxonomy":"category","embeddable":true,"href":"https:\/\/www.abchukuk.com\/index.php\/wp-json\/wp\/v2\/categories?post=5927"},{"taxonomy":"post_tag","embeddable":true,"href":"https:\/\/www.abchukuk.com\/index.php\/wp-json\/wp\/v2\/tags?post=5927"}],"curies":[{"name":"wp","href":"https:\/\/api.w.org\/{rel}","templated":true}]}}