{"id":5918,"date":"2025-09-22T07:58:00","date_gmt":"2025-09-22T07:58:00","guid":{"rendered":"https:\/\/www.abchukuk.com\/index.php\/2025\/09\/22\/yahsihan-belediye-baskani-ahmet-sungur-kimdir-ahmet-sungur-neden-adliyeye-sevk-edildi\/"},"modified":"2025-09-22T07:58:00","modified_gmt":"2025-09-22T07:58:00","slug":"yahsihan-belediye-baskani-ahmet-sungur-kimdir-ahmet-sungur-neden-adliyeye-sevk-edildi","status":"publish","type":"post","link":"https:\/\/www.abchukuk.com\/index.php\/2025\/09\/22\/yahsihan-belediye-baskani-ahmet-sungur-kimdir-ahmet-sungur-neden-adliyeye-sevk-edildi\/","title":{"rendered":"Yah\u015fihan Belediye Ba\u015fkan\u0131 Ahmet Sungur kimdir? Ahmet Sungur neden adliyeye sevk edildi?"},"content":{"rendered":"<p>K\u0131r\u0131kkale&#8217;de &#8220;irtikap&#8221; iddias\u0131yla ba\u015flat\u0131lan soru\u015fturma kapsam\u0131nda g\u00f6zalt\u0131na al\u0131nan AKP&#8217;li Yah\u015fihan Belediye Ba\u015fkan\u0131 Ahmet Sungur adliyeye sevk edildi. Peki, Yah\u015fihan Belediye Ba\u015fkan\u0131 Ahmet Sungur kimdir?  Ahmet Sungur neden adliyeye sevk edildi?K\u0131r\u0131kkale&#8217;de &#8220;irtikap&#8221; iddias\u0131yla ba\u015flat\u0131lan soru\u015fturma kapsam\u0131nda g\u00f6zalt\u0131na al\u0131nan AKP&#8217;li Yah\u015fihan Belediye Ba\u015fkan\u0131 Ahmet Sungur adliyeye sevk edildi. Peki, Yah\u015fihan Belediye Ba\u015fkan\u0131 Ahmet Sungur kimdir?  Ahmet Sungur neden adliyeye sevk edildi?\u00a0<a href=\"https:\/\/www.cumhuriyet.com.tr\/turkiye\/yahsihan-belediye-baskani-ahmet-sungur-kimdir-ahmet-sungur-neden-adliyeye-sevk-edildi-2437188\" target=\"_blank\" class=\"feedzy-rss-link-icon\">Read More<\/a><\/p>","protected":false},"excerpt":{"rendered":"<p>K\u0131r\u0131kkale&#8217;de &#8220;irtikap&#8221; iddias\u0131yla ba\u015flat\u0131lan soru\u015fturma kapsam\u0131nda g\u00f6zalt\u0131na al\u0131nan AKP&#8217;li Yah\u015fihan Belediye Ba\u015fkan\u0131 Ahmet Sungur adliyeye sevk edildi. Peki, Yah\u015fihan Belediye Ba\u015fkan\u0131 Ahmet Sungur kimdir? Ahmet Sungur neden adliyeye sevk edildi?K\u0131r\u0131kkale&#8217;de &#8220;irtikap&#8221; iddias\u0131yla ba\u015flat\u0131lan soru\u015fturma kapsam\u0131nda g\u00f6zalt\u0131na al\u0131nan AKP&#8217;li Yah\u015fihan Belediye Ba\u015fkan\u0131 Ahmet Sungur adliyeye sevk edildi. Peki, Yah\u015fihan Belediye Ba\u015fkan\u0131 Ahmet Sungur kimdir? Ahmet Sungur [&hellip;]<\/p>\n","protected":false},"author":1,"featured_media":5919,"comment_status":"open","ping_status":"open","sticky":false,"template":"","format":"standard","meta":{"footnotes":"","_links_to":"","_links_to_target":""},"categories":[1],"tags":[],"class_list":["post-5918","post","type-post","status-publish","format-standard","has-post-thumbnail","hentry","category-haberler"],"_links":{"self":[{"href":"https:\/\/www.abchukuk.com\/index.php\/wp-json\/wp\/v2\/posts\/5918","targetHints":{"allow":["GET"]}}],"collection":[{"href":"https:\/\/www.abchukuk.com\/index.php\/wp-json\/wp\/v2\/posts"}],"about":[{"href":"https:\/\/www.abchukuk.com\/index.php\/wp-json\/wp\/v2\/types\/post"}],"author":[{"embeddable":true,"href":"https:\/\/www.abchukuk.com\/index.php\/wp-json\/wp\/v2\/users\/1"}],"replies":[{"embeddable":true,"href":"https:\/\/www.abchukuk.com\/index.php\/wp-json\/wp\/v2\/comments?post=5918"}],"version-history":[{"count":0,"href":"https:\/\/www.abchukuk.com\/index.php\/wp-json\/wp\/v2\/posts\/5918\/revisions"}],"wp:featuredmedia":[{"embeddable":true,"href":"https:\/\/www.abchukuk.com\/index.php\/wp-json\/wp\/v2\/media\/5919"}],"wp:attachment":[{"href":"https:\/\/www.abchukuk.com\/index.php\/wp-json\/wp\/v2\/media?parent=5918"}],"wp:term":[{"taxonomy":"category","embeddable":true,"href":"https:\/\/www.abchukuk.com\/index.php\/wp-json\/wp\/v2\/categories?post=5918"},{"taxonomy":"post_tag","embeddable":true,"href":"https:\/\/www.abchukuk.com\/index.php\/wp-json\/wp\/v2\/tags?post=5918"}],"curies":[{"name":"wp","href":"https:\/\/api.w.org\/{rel}","templated":true}]}}