{"id":5914,"date":"2025-09-22T06:55:00","date_gmt":"2025-09-22T06:55:00","guid":{"rendered":"https:\/\/www.abchukuk.com\/index.php\/2025\/09\/22\/bolu-kartalkaya-yangininda-ikinci-durusma-aileler-otel-sahibi-tutuklu-saniklara-tepki-gosterdi\/"},"modified":"2025-09-22T06:55:00","modified_gmt":"2025-09-22T06:55:00","slug":"bolu-kartalkaya-yangininda-ikinci-durusma-aileler-otel-sahibi-tutuklu-saniklara-tepki-gosterdi","status":"publish","type":"post","link":"https:\/\/www.abchukuk.com\/index.php\/2025\/09\/22\/bolu-kartalkaya-yangininda-ikinci-durusma-aileler-otel-sahibi-tutuklu-saniklara-tepki-gosterdi\/","title":{"rendered":"Bolu Kartalkaya yang\u0131n\u0131nda ikinci duru\u015fma: Aileler, otel sahibi tutuklu san\u0131klara tepki g\u00f6sterdi"},"content":{"rendered":"<p>Bolu Kartalkaya\u2019da bulunan Grand Kartal Otel\u2019de meydana gelen ve 78 ki\u015finin ya\u015fam\u0131n\u0131 yitirdi\u011fi yang\u0131na ili\u015fkin davan\u0131n ikinci duru\u015fmas\u0131 ba\u015flad\u0131. Aileler, tutuklu san\u0131klar salona getirildi\u011finde tepki g\u00f6sterdi.Bolu Kartalkaya\u2019da bulunan Grand Kartal Otel\u2019de meydana gelen ve 78 ki\u015finin ya\u015fam\u0131n\u0131 yitirdi\u011fi yang\u0131na ili\u015fkin davan\u0131n ikinci duru\u015fmas\u0131 ba\u015flad\u0131. Aileler, tutuklu san\u0131klar salona getirildi\u011finde tepki g\u00f6sterdi.\u00a0<a href=\"https:\/\/www.cumhuriyet.com.tr\/turkiye\/bolu-kartalkaya-yangininda-ikinci-durusma-aileler-otel-sahibi-tutuklu-saniklara-tepki-gosterdi-2437157\" target=\"_blank\" class=\"feedzy-rss-link-icon\">Read More<\/a><\/p>","protected":false},"excerpt":{"rendered":"<p>Bolu Kartalkaya\u2019da bulunan Grand Kartal Otel\u2019de meydana gelen ve 78 ki\u015finin ya\u015fam\u0131n\u0131 yitirdi\u011fi yang\u0131na ili\u015fkin davan\u0131n ikinci duru\u015fmas\u0131 ba\u015flad\u0131. Aileler, tutuklu san\u0131klar salona getirildi\u011finde tepki g\u00f6sterdi.Bolu Kartalkaya\u2019da bulunan Grand Kartal Otel\u2019de meydana gelen ve 78 ki\u015finin ya\u015fam\u0131n\u0131 yitirdi\u011fi yang\u0131na ili\u015fkin davan\u0131n ikinci duru\u015fmas\u0131 ba\u015flad\u0131. Aileler, tutuklu san\u0131klar salona getirildi\u011finde tepki g\u00f6sterdi.\u00a0Read More<\/p>\n","protected":false},"author":1,"featured_media":5915,"comment_status":"open","ping_status":"open","sticky":false,"template":"","format":"standard","meta":{"footnotes":"","_links_to":"","_links_to_target":""},"categories":[1],"tags":[],"class_list":["post-5914","post","type-post","status-publish","format-standard","has-post-thumbnail","hentry","category-haberler"],"_links":{"self":[{"href":"https:\/\/www.abchukuk.com\/index.php\/wp-json\/wp\/v2\/posts\/5914","targetHints":{"allow":["GET"]}}],"collection":[{"href":"https:\/\/www.abchukuk.com\/index.php\/wp-json\/wp\/v2\/posts"}],"about":[{"href":"https:\/\/www.abchukuk.com\/index.php\/wp-json\/wp\/v2\/types\/post"}],"author":[{"embeddable":true,"href":"https:\/\/www.abchukuk.com\/index.php\/wp-json\/wp\/v2\/users\/1"}],"replies":[{"embeddable":true,"href":"https:\/\/www.abchukuk.com\/index.php\/wp-json\/wp\/v2\/comments?post=5914"}],"version-history":[{"count":0,"href":"https:\/\/www.abchukuk.com\/index.php\/wp-json\/wp\/v2\/posts\/5914\/revisions"}],"wp:featuredmedia":[{"embeddable":true,"href":"https:\/\/www.abchukuk.com\/index.php\/wp-json\/wp\/v2\/media\/5915"}],"wp:attachment":[{"href":"https:\/\/www.abchukuk.com\/index.php\/wp-json\/wp\/v2\/media?parent=5914"}],"wp:term":[{"taxonomy":"category","embeddable":true,"href":"https:\/\/www.abchukuk.com\/index.php\/wp-json\/wp\/v2\/categories?post=5914"},{"taxonomy":"post_tag","embeddable":true,"href":"https:\/\/www.abchukuk.com\/index.php\/wp-json\/wp\/v2\/tags?post=5914"}],"curies":[{"name":"wp","href":"https:\/\/api.w.org\/{rel}","templated":true}]}}