{"id":5913,"date":"2025-09-22T05:07:06","date_gmt":"2025-09-22T05:07:06","guid":{"rendered":"https:\/\/www.abchukuk.com\/index.php\/2025\/09\/22\/resmi-gazetede-yayimlandi-otomobil-ithalatina-ek-mali-yukumluluk\/"},"modified":"2025-09-22T05:07:06","modified_gmt":"2025-09-22T05:07:06","slug":"resmi-gazetede-yayimlandi-otomobil-ithalatina-ek-mali-yukumluluk","status":"publish","type":"post","link":"https:\/\/www.abchukuk.com\/index.php\/2025\/09\/22\/resmi-gazetede-yayimlandi-otomobil-ithalatina-ek-mali-yukumluluk\/","title":{"rendered":"Resmi Gazete\u2019de yay\u0131mland\u0131: Otomobil ithalat\u0131na ek mali y\u00fck\u00fcml\u00fcl\u00fck"},"content":{"rendered":"<p>Ticaret Bakanl\u0131\u011f\u0131&#8217;n\u0131n otomobil ithalat\u0131na y\u00f6nelik yeni d\u00fczenlemeleri Resmi Gazete&#8217;de yay\u0131mland\u0131. Avrupa Birli\u011fi ve T\u00fcrkiye&#8217;nin Serbest Ticaret Anla\u015fmas\u0131 d\u0131\u015f\u0131ndaki \u00fclkelerden yap\u0131lacak binek otomobil ithalat\u0131nda, ara\u00e7 tipine g\u00f6re ek vergi uygulanacak.Ticaret Bakanl\u0131\u011f\u0131&#8217;n\u0131n otomobil ithalat\u0131na y\u00f6nelik yeni d\u00fczenlemeleri Resmi Gazete&#8217;de yay\u0131mland\u0131. Avrupa Birli\u011fi ve T\u00fcrkiye&#8217;nin Serbest Ticaret Anla\u015fmas\u0131 d\u0131\u015f\u0131ndaki \u00fclkelerden yap\u0131lacak binek otomobil ithalat\u0131nda, ara\u00e7 tipine g\u00f6re ek vergi uygulanacak.\u00a0<a href=\"https:\/\/anlatilaninotesi.com.tr\/20250922\/resmi-gazetede-yayimlandi-otomobil-ithalatina-yeni-ek-vergi-1099558861.html\" target=\"_blank\" class=\"feedzy-rss-link-icon\">Read More<\/a><\/p>","protected":false},"excerpt":{"rendered":"<p>Ticaret Bakanl\u0131\u011f\u0131&#8217;n\u0131n otomobil ithalat\u0131na y\u00f6nelik yeni d\u00fczenlemeleri Resmi Gazete&#8217;de yay\u0131mland\u0131. Avrupa Birli\u011fi ve T\u00fcrkiye&#8217;nin Serbest Ticaret Anla\u015fmas\u0131 d\u0131\u015f\u0131ndaki \u00fclkelerden yap\u0131lacak binek otomobil ithalat\u0131nda, ara\u00e7 tipine g\u00f6re ek vergi uygulanacak.Ticaret Bakanl\u0131\u011f\u0131&#8217;n\u0131n otomobil ithalat\u0131na y\u00f6nelik yeni d\u00fczenlemeleri Resmi Gazete&#8217;de yay\u0131mland\u0131. Avrupa Birli\u011fi ve T\u00fcrkiye&#8217;nin Serbest Ticaret Anla\u015fmas\u0131 d\u0131\u015f\u0131ndaki \u00fclkelerden yap\u0131lacak binek otomobil ithalat\u0131nda, ara\u00e7 tipine g\u00f6re ek [&hellip;]<\/p>\n","protected":false},"author":1,"featured_media":0,"comment_status":"open","ping_status":"open","sticky":false,"template":"","format":"standard","meta":{"footnotes":"","_links_to":"","_links_to_target":""},"categories":[1],"tags":[],"class_list":["post-5913","post","type-post","status-publish","format-standard","hentry","category-haberler"],"_links":{"self":[{"href":"https:\/\/www.abchukuk.com\/index.php\/wp-json\/wp\/v2\/posts\/5913","targetHints":{"allow":["GET"]}}],"collection":[{"href":"https:\/\/www.abchukuk.com\/index.php\/wp-json\/wp\/v2\/posts"}],"about":[{"href":"https:\/\/www.abchukuk.com\/index.php\/wp-json\/wp\/v2\/types\/post"}],"author":[{"embeddable":true,"href":"https:\/\/www.abchukuk.com\/index.php\/wp-json\/wp\/v2\/users\/1"}],"replies":[{"embeddable":true,"href":"https:\/\/www.abchukuk.com\/index.php\/wp-json\/wp\/v2\/comments?post=5913"}],"version-history":[{"count":0,"href":"https:\/\/www.abchukuk.com\/index.php\/wp-json\/wp\/v2\/posts\/5913\/revisions"}],"wp:attachment":[{"href":"https:\/\/www.abchukuk.com\/index.php\/wp-json\/wp\/v2\/media?parent=5913"}],"wp:term":[{"taxonomy":"category","embeddable":true,"href":"https:\/\/www.abchukuk.com\/index.php\/wp-json\/wp\/v2\/categories?post=5913"},{"taxonomy":"post_tag","embeddable":true,"href":"https:\/\/www.abchukuk.com\/index.php\/wp-json\/wp\/v2\/tags?post=5913"}],"curies":[{"name":"wp","href":"https:\/\/api.w.org\/{rel}","templated":true}]}}